{"id":57106,"date":"2019-07-30T08:41:47","date_gmt":"2019-07-30T11:41:47","guid":{"rendered":"https:\/\/eldiariodesanpedro.com.ar\/sitio\/?p=57106"},"modified":"2019-07-30T08:41:52","modified_gmt":"2019-07-30T11:41:52","slug":"jornada-sobre-actualizacion-en-diagnostico-y-tratamiento-de-la-fibromialgia","status":"publish","type":"post","link":"https:\/\/eldiariodesanpedro.com.ar\/sitio\/jornada-sobre-actualizacion-en-diagnostico-y-tratamiento-de-la-fibromialgia\/","title":{"rendered":"Jornada sobre actualizaci\u00f3n en diagn\u00f3stico y tratamiento de la fibromialgia"},"content":{"rendered":"<!-- VideographyWP Plugin Message: Automatic video embedding prevented by plugin options. -->\n\n<p>Con gran concurrencia de p\u00fablico, se desarroll\u00f3 en el Centro de Comercio, Turismo e  Industria, la Jornada sobre actualizaci\u00f3n en diagn\u00f3stico y tratamiento de la fibromialgia. <\/p>\n\n\n\n<p>En la misma, expusieron los Dres. Mariela Morante y Joel Scorcelli, donde trataron varios temas relacionados con la enfermedad.<\/p>\n\n\n\n<p>La organizaci\u00f3n estuvo a cargo de la Municipalidad de San Pedro, junto con el Centro Integral de Atenci\u00f3n Medica Ambulatoria (CIAMA) y el Circulo M\u00e9dico de San Pedro.<\/p>\n\n\n\n<p>La Fibromialgica est\u00e1 considerada una enfermedad reumatol\u00f3gica, pero hasta la fecha, aunque todo parece indicar que su origen es neurol\u00f3gico, no se han encontrado causas org\u00e1nicas demostrables, por lo que\u00a0<strong>son sus s\u00edntomas en conjunto los que la definen y caracterizan<\/strong>: dolor en m\u00fasculos, huesos, ligamentos y articulaciones, cansancio, insomnio, dolor de cabeza o ansiedad, entre otros. <\/p>\n\n\n\n<p>La fibromialgia puede desarrollarse a cualquier edad en ambos g\u00e9neros, aunque es m\u00e1s com\u00fan en mujeres entre los 20 y los 50 a\u00f1os. Su principal dificultad radica en que genera un sufrimiento real, la respuesta de enfermedad se activa en el organismo, pero se desconoce un origen com\u00fan como pueden ser las infecciones, la degeneraci\u00f3n o la inflamaci\u00f3n.<\/p>\n\n\n\n<p>Las ultimas investigaciones\u00a0han revelado que existe una alteraci\u00f3n del sistema neurol\u00f3gico que lleva a\u00a0<strong>un mal funcionamiento de las v\u00edas del dolor<\/strong>, modificando la percepci\u00f3n del mismo, y produciendo otros trastornos asociados, como la falta de sue\u00f1o o el agotamiento.<\/p>\n\n\n\n<p><\/p>\n\n\n\n<p><br><br><\/p>\n","protected":false},"excerpt":{"rendered":"<p>Con gran concurrencia de p\u00fablico, se desarroll\u00f3 en el Centro de Comercio, Turismo e Industria, la Jornada sobre actualizaci\u00f3n en diagn\u00f3stico y tratamiento de la fibromialgia. En la misma, expusieron los Dres. Mariela Morante y Joel Scorcelli, donde trataron varios temas relacionados con la enfermedad. La organizaci\u00f3n estuvo a cargo de la Municipalidad de San [&hellip;]<\/p>\n","protected":false},"author":4,"featured_media":57107,"comment_status":"open","ping_status":"closed","sticky":false,"template":"","format":"standard","meta":{"om_disable_all_campaigns":false,"_jetpack_memberships_contains_paid_content":false,"footnotes":""},"categories":[50,101,2],"tags":[],"class_list":["post-57106","post","type-post","status-publish","format-standard","has-post-thumbnail","hentry","category-destacadas","category-interes-general-locales","category-locales"],"aioseo_notices":[],"gutentor_comment":0,"jetpack_featured_media_url":"https:\/\/eldiariodesanpedro.com.ar\/sitio\/wp-content\/uploads\/2019\/07\/67314728_2375409279220400_9113106052974379008_n.jpg","jetpack_shortlink":"https:\/\/wp.me\/p6RhLt-eR4","jetpack_sharing_enabled":true,"_links":{"self":[{"href":"https:\/\/eldiariodesanpedro.com.ar\/sitio\/wp-json\/wp\/v2\/posts\/57106","targetHints":{"allow":["GET"]}}],"collection":[{"href":"https:\/\/eldiariodesanpedro.com.ar\/sitio\/wp-json\/wp\/v2\/posts"}],"about":[{"href":"https:\/\/eldiariodesanpedro.com.ar\/sitio\/wp-json\/wp\/v2\/types\/post"}],"author":[{"embeddable":true,"href":"https:\/\/eldiariodesanpedro.com.ar\/sitio\/wp-json\/wp\/v2\/users\/4"}],"replies":[{"embeddable":true,"href":"https:\/\/eldiariodesanpedro.com.ar\/sitio\/wp-json\/wp\/v2\/comments?post=57106"}],"version-history":[{"count":1,"href":"https:\/\/eldiariodesanpedro.com.ar\/sitio\/wp-json\/wp\/v2\/posts\/57106\/revisions"}],"predecessor-version":[{"id":57108,"href":"https:\/\/eldiariodesanpedro.com.ar\/sitio\/wp-json\/wp\/v2\/posts\/57106\/revisions\/57108"}],"wp:featuredmedia":[{"embeddable":true,"href":"https:\/\/eldiariodesanpedro.com.ar\/sitio\/wp-json\/wp\/v2\/media\/57107"}],"wp:attachment":[{"href":"https:\/\/eldiariodesanpedro.com.ar\/sitio\/wp-json\/wp\/v2\/media?parent=57106"}],"wp:term":[{"taxonomy":"category","embeddable":true,"href":"https:\/\/eldiariodesanpedro.com.ar\/sitio\/wp-json\/wp\/v2\/categories?post=57106"},{"taxonomy":"post_tag","embeddable":true,"href":"https:\/\/eldiariodesanpedro.com.ar\/sitio\/wp-json\/wp\/v2\/tags?post=57106"}],"curies":[{"name":"wp","href":"https:\/\/api.w.org\/{rel}","templated":true}]}}