{"id":571,"date":"2015-11-23T22:41:25","date_gmt":"2015-11-24T01:41:25","guid":{"rendered":"http:\/\/www.eldiariodesanpedro.com.ar\/?p=571"},"modified":"2015-11-26T22:45:11","modified_gmt":"2015-11-27T01:45:11","slug":"571-2","status":"publish","type":"post","link":"https:\/\/eldiariodesanpedro.com.ar\/sitio\/571-2\/","title":{"rendered":"\u201cDebe priorizarse la soberan\u00eda por encima de todo\u201d"},"content":{"rendered":"<p><!-- VideographyWP Plugin Message: Automatic video embedding prevented by plugin options. --><\/p>\n<div>Sin la presencia de las autoridades nacionales se desarroll\u00f3 este viernes el acto por el 170\u00ba Aniversario de la Batalla de Vuelta de Obligado, en el marco del D\u00eda de la Soberan\u00eda Nacional.<br \/>\nFue un evento mucho m\u00e1s modesto al de los \u00faltimos a\u00f1os, pero no por eso menos sentido. Cont\u00f3 con la presencia de los funcionarios locales, autores educativas y tambi\u00e9n vecinos de nuestra localidad y del paraje.<br \/>\nLuego pusieron las ofrendas florales sobre el monumento \u201den honor y reconocimiento a los h\u00e9roes de la Vuelta de Obligado\u201d.<br \/>\nSeguidamente tomaron la palabra los rectores de la Universidad Nacional de Lan\u00fas y Quilmes, Dra. Ana Jaramillo y el Dr. Mario Lozano, respectivamente.<br \/>\nSeguidamente el Intendente Municipal Fabio Giovanettoni expres\u00f3: \u201cEn la tropa Anglo Francesa que ven\u00eda invadirnos,\u00a0 hab\u00eda intereses argentinos que estaban priorizando en ese momento su bienestar\u201d y \u201choy, 170 a\u00f1os despu\u00e9s seguimos tristemente, escuchando a algunos que dicen ser libres pensadores y decir que no entienden porque se le da tanta magnitud al acto como la batalla de Vuelta de Obligado, porque fue una simple batalla\u201d, dijo el mandatario y complet\u00f3: \u201cFelizmente son los menos\u201d.<br \/>\nY luego, se\u00f1al\u00f3: \u201cTambi\u00e9n debemos reconocer que hay argentinos que tristemente al d\u00eda de hoy siguen pensando as\u00ed\u201d.<br \/>\nEn tanto que relat\u00f3: \u201cAquel 20 de noviembre de 1845, uno de los tantos h\u00e9roes de la batalla, ignorados por la historia oficial, fue un ni\u00f1o de entre 9 y 12 a\u00f1os. Dicen los historiadores, que convocado por el Juez de Paz Benito Urraco ha solicitud del General Mansilla form\u00f3 parte tocando un redoblante, para darle fuerza a aquellos compatriotas que estaban pronto a dar la vida en la batalla\u201d y en ese sentido, destac\u00f3 la inclusi\u00f3n de los j\u00f3venes en la pol\u00edtica en la actualidad.<br \/>\nPor otro lado, consider\u00f3 que \u201csigue habiendo intereses extranjeros que tienen como una primera prioridad ponernos como pa\u00eds soberanos de rodillas\u201d y que \u201cdebe priorizarse la cuesti\u00f3n de la soberan\u00eda,debe priorizarse el ser nacional por encima de todo y dejar un escal\u00f3n m\u00e1s abajo las diferencias pol\u00edticas que celebro que existan en un pa\u00eds democr\u00e1tico\u201d.<\/div>\n<h2><\/h2>\n<h2>\u201cBatallas de la Libertad\u201d<\/h2>\n<div>El viernes se conmemor\u00f3 el heroico enfrentamiento de los soldados argentinos ante el ej\u00e9rcito anglo-franc\u00e9s en la batalla de Vuelta de Obligado de 1845. Este hecho, que reafirm\u00f3 la idea de Rep\u00fablica, es recordado como un s\u00edmbolo de Unidad Nacional.<br \/>\nEl 20 de noviembre de 1845, se produjo la batalla de Vuelta de Obligado en el r\u00edo Paran\u00e1. Los soldados argentinos resistieron la invasi\u00f3n anglofrancesa. Si bien el Ej\u00e9rcito Patriota no sali\u00f3 vencedor, esta batalla fue el punto de partida para la liberaci\u00f3n del continente americano. En 1973, se declar\u00f3 el 20 de noviembre el D\u00eda de la Soberan\u00eda Nacional. La ley, anulada por la \u00faltima dictadura militar, fue restablecida en 2010.<br \/>\nEl d\u00eda 3 de noviembre de 2010 se firm\u00f3 el decreto 1584 nuevamente declarando el 20 de noviembre como D\u00eda de la Soberan\u00eda Nacional, con car\u00e1cter de feriado nacional en toda la Rep\u00fablica Argentina.<br \/>\nEl 20 de noviembre de 2010, la presidenta Cristina Fern\u00e1ndez de Kirchner inaugur\u00f3 en el lugar el Monumento a la Batalla de la Vuelta de Obligado o Monumento de la Soberan\u00eda, que consta de una escultura en la cual se simula una gran valla circular de eslabones de cadenas iluminada por una llama votiva.<br \/>\nLa base de la valla circular est\u00e1 rodeada por una estrella federal, es decir, una estrella roja punz\u00f3 con ocho puntas. Tal gran escultura es obra del pintor y escultor Rogelio Polesello, y se emplaza en la Reserva Natural en la Vuelta de Obligado, administrada por el Municipio de San Pedro.<br \/>\nLes acercamos una serie de videos y enlaces de inter\u00e9s para ampliar sus conocimientos acerca de este tema. Compartimos el material elaborado por Canal Encuentro Batallas de la Libertad-Vuelta de Obligado.<\/div>\n","protected":false},"excerpt":{"rendered":"<p>Sin la presencia de las autoridades nacionales se desarroll\u00f3 este viernes el acto por el 170\u00ba Aniversario de la Batalla de Vuelta de Obligado, en el marco del D\u00eda de la Soberan\u00eda Nacional. Fue un evento mucho m\u00e1s modesto al de los \u00faltimos a\u00f1os, pero no por eso menos sentido. Cont\u00f3 con la presencia de [&hellip;]<\/p>\n","protected":false},"author":4,"featured_media":573,"comment_status":"open","ping_status":"closed","sticky":false,"template":"","format":"standard","meta":{"om_disable_all_campaigns":false,"_jetpack_memberships_contains_paid_content":false,"footnotes":""},"categories":[101,2],"tags":[],"class_list":["post-571","post","type-post","status-publish","format-standard","has-post-thumbnail","hentry","category-interes-general-locales","category-locales"],"aioseo_notices":[],"gutentor_comment":0,"jetpack_featured_media_url":"https:\/\/eldiariodesanpedro.com.ar\/sitio\/wp-content\/uploads\/2015\/11\/PAGINA-41.jpg","jetpack_shortlink":"https:\/\/wp.me\/p6RhLt-9d","jetpack_sharing_enabled":true,"_links":{"self":[{"href":"https:\/\/eldiariodesanpedro.com.ar\/sitio\/wp-json\/wp\/v2\/posts\/571","targetHints":{"allow":["GET"]}}],"collection":[{"href":"https:\/\/eldiariodesanpedro.com.ar\/sitio\/wp-json\/wp\/v2\/posts"}],"about":[{"href":"https:\/\/eldiariodesanpedro.com.ar\/sitio\/wp-json\/wp\/v2\/types\/post"}],"author":[{"embeddable":true,"href":"https:\/\/eldiariodesanpedro.com.ar\/sitio\/wp-json\/wp\/v2\/users\/4"}],"replies":[{"embeddable":true,"href":"https:\/\/eldiariodesanpedro.com.ar\/sitio\/wp-json\/wp\/v2\/comments?post=571"}],"version-history":[{"count":2,"href":"https:\/\/eldiariodesanpedro.com.ar\/sitio\/wp-json\/wp\/v2\/posts\/571\/revisions"}],"predecessor-version":[{"id":577,"href":"https:\/\/eldiariodesanpedro.com.ar\/sitio\/wp-json\/wp\/v2\/posts\/571\/revisions\/577"}],"wp:featuredmedia":[{"embeddable":true,"href":"https:\/\/eldiariodesanpedro.com.ar\/sitio\/wp-json\/wp\/v2\/media\/573"}],"wp:attachment":[{"href":"https:\/\/eldiariodesanpedro.com.ar\/sitio\/wp-json\/wp\/v2\/media?parent=571"}],"wp:term":[{"taxonomy":"category","embeddable":true,"href":"https:\/\/eldiariodesanpedro.com.ar\/sitio\/wp-json\/wp\/v2\/categories?post=571"},{"taxonomy":"post_tag","embeddable":true,"href":"https:\/\/eldiariodesanpedro.com.ar\/sitio\/wp-json\/wp\/v2\/tags?post=571"}],"curies":[{"name":"wp","href":"https:\/\/api.w.org\/{rel}","templated":true}]}}