{"id":57099,"date":"2019-07-29T17:37:37","date_gmt":"2019-07-29T20:37:37","guid":{"rendered":"https:\/\/eldiariodesanpedro.com.ar\/sitio\/?p=57099"},"modified":"2019-07-29T17:37:41","modified_gmt":"2019-07-29T20:37:41","slug":"san-nicolas-la-proxima-semana-se-reanuda-la-produccion-en-motomel","status":"publish","type":"post","link":"https:\/\/eldiariodesanpedro.com.ar\/sitio\/san-nicolas-la-proxima-semana-se-reanuda-la-produccion-en-motomel\/","title":{"rendered":"SAN NICOLAS | La pr\u00f3xima semana se reanuda la producci\u00f3n en Motomel"},"content":{"rendered":"<!-- VideographyWP Plugin Message: Automatic video embedding prevented by plugin options. -->\n\n<p>\n\nLa planta de Motomel La Emilia cumple hoy su segunda semana de parate productivo, una decisi\u00f3n que tom\u00f3 la empresa con el objetivo de no acumular stock que despu\u00e9s no se pueda vender en el mercado.<\/p>\n\n\n\n<p>El freno de las l\u00edneas de producci\u00f3n se extender\u00e1 una semana m\u00e1s para completar los 21 d\u00edas de inactividad que se instrumentaron con unas semana de suspensi\u00f3n y otras dos de vacaciones.<\/p>\n\n\n\n<p>El dato \u00abpositivo\u00bb dentro del cr\u00edtico panorama es que \u2013por este momento- no se avanzar\u00e1 en la reducci\u00f3n de la plantilla de operarios, algo que s\u00ed viene ocurriendo en otras plantas del sector. Lo alentador es que el mercado de venta de motos 0KM se reactiv\u00f3 este mes a partir de la instrumentaci\u00f3n del programa Ahora12 y Ahora18. La Asociaci\u00f3n de Concesionarios de Automotores de la Rep\u00fablica Argentina (ACARA) afirm\u00f3 que \u00ablas medidas de incentivo generaron 35% m\u00e1s de ventas de motos en julio\u00bb. Su presidente, Ricardo Salom\u00e9, sostuvo que \u00aben lo que va de julio, la venta de motoveh\u00edculos est\u00e1 presentando un crecimiento del 34,8 % con respecto al mes pasado, lo que ratifica que el programa lanzado el 11 de julio viene teniendo \u00e9xito\u201d.<\/p>\n\n\n\n<p>Fuente: Diario El Norte<\/p>\n","protected":false},"excerpt":{"rendered":"<p>La planta de Motomel La Emilia cumple hoy su segunda semana de parate productivo, una decisi\u00f3n que tom\u00f3 la empresa con el objetivo de no acumular stock que despu\u00e9s no se pueda vender en el mercado. El freno de las l\u00edneas de producci\u00f3n se extender\u00e1 una semana m\u00e1s para completar los 21 d\u00edas de inactividad [&hellip;]<\/p>\n","protected":false},"author":4,"featured_media":57100,"comment_status":"open","ping_status":"closed","sticky":false,"template":"","format":"standard","meta":{"om_disable_all_campaigns":false,"_jetpack_memberships_contains_paid_content":false,"footnotes":""},"categories":[621],"tags":[],"class_list":["post-57099","post","type-post","status-publish","format-standard","has-post-thumbnail","hentry","category-regionales"],"aioseo_notices":[],"gutentor_comment":0,"jetpack_featured_media_url":"https:\/\/eldiariodesanpedro.com.ar\/sitio\/wp-content\/uploads\/2019\/07\/0_14_3.jpg","jetpack_shortlink":"https:\/\/wp.me\/p6RhLt-eQX","jetpack_sharing_enabled":true,"_links":{"self":[{"href":"https:\/\/eldiariodesanpedro.com.ar\/sitio\/wp-json\/wp\/v2\/posts\/57099","targetHints":{"allow":["GET"]}}],"collection":[{"href":"https:\/\/eldiariodesanpedro.com.ar\/sitio\/wp-json\/wp\/v2\/posts"}],"about":[{"href":"https:\/\/eldiariodesanpedro.com.ar\/sitio\/wp-json\/wp\/v2\/types\/post"}],"author":[{"embeddable":true,"href":"https:\/\/eldiariodesanpedro.com.ar\/sitio\/wp-json\/wp\/v2\/users\/4"}],"replies":[{"embeddable":true,"href":"https:\/\/eldiariodesanpedro.com.ar\/sitio\/wp-json\/wp\/v2\/comments?post=57099"}],"version-history":[{"count":1,"href":"https:\/\/eldiariodesanpedro.com.ar\/sitio\/wp-json\/wp\/v2\/posts\/57099\/revisions"}],"predecessor-version":[{"id":57101,"href":"https:\/\/eldiariodesanpedro.com.ar\/sitio\/wp-json\/wp\/v2\/posts\/57099\/revisions\/57101"}],"wp:featuredmedia":[{"embeddable":true,"href":"https:\/\/eldiariodesanpedro.com.ar\/sitio\/wp-json\/wp\/v2\/media\/57100"}],"wp:attachment":[{"href":"https:\/\/eldiariodesanpedro.com.ar\/sitio\/wp-json\/wp\/v2\/media?parent=57099"}],"wp:term":[{"taxonomy":"category","embeddable":true,"href":"https:\/\/eldiariodesanpedro.com.ar\/sitio\/wp-json\/wp\/v2\/categories?post=57099"},{"taxonomy":"post_tag","embeddable":true,"href":"https:\/\/eldiariodesanpedro.com.ar\/sitio\/wp-json\/wp\/v2\/tags?post=57099"}],"curies":[{"name":"wp","href":"https:\/\/api.w.org\/{rel}","templated":true}]}}