{"id":57093,"date":"2019-07-29T17:23:56","date_gmt":"2019-07-29T20:23:56","guid":{"rendered":"https:\/\/eldiariodesanpedro.com.ar\/sitio\/?p=57093"},"modified":"2019-07-29T17:24:00","modified_gmt":"2019-07-29T20:24:00","slug":"la-sociedad-rural-disconforme-con-posible-encuentro-entre-la-mesa-de-enlace-y-alberto-fernandez","status":"publish","type":"post","link":"https:\/\/eldiariodesanpedro.com.ar\/sitio\/la-sociedad-rural-disconforme-con-posible-encuentro-entre-la-mesa-de-enlace-y-alberto-fernandez\/","title":{"rendered":"La Sociedad Rural disconforme con posible encuentro entre la Mesa de Enlace y Alberto Fern\u00e1ndez"},"content":{"rendered":"<!-- VideographyWP Plugin Message: Automatic video embedding prevented by plugin options. -->\n\n<p>A trav\u00e9s de un comunicado la Sociedad Rural de San Pedro expresa su preocupaci\u00f3n ante los trascendidos que refieren a un posible encuentro entre representantes de la Mesa de Enlace y el precandidato a presidente por el Frente de Todos Alberto Fern\u00e1ndez.\u00a0<\/p>\n\n\n\n<p>\u00abConfirmando que s\u00f3lo los humanos solemos tropezar dos o m\u00e1s veces con la misma piedra, consideramos que quienes representan a uno de los sectores m\u00e1s castigados por el gobierno kirchnerista, no pueden acceder a semejante encuentro que busca convencer sobre un cambio en la manera de actuar y pensar, en dirigentes pol\u00edticos que han mostrado sus peores actitudes, ante nosotros. La lucha por la 125 marc\u00f3 un antes y un despu\u00e9s que, probablemente no ha tra\u00eddo en los \u00faltimos a\u00f1os las respuestas que esper\u00e1bamos\u00bb.\u00a0<\/p>\n\n\n\n<p>\u00abSin embargo, de ninguna manera podemos aceptar este regreso a un pasado doloroso que cost\u00f3 vidas, familias y a\u00f1os de trabajo a decenas de productores. Quienes hoy ya se adelanta a festejar su regreso, no pueden contener su sed de revancha y protagonizan episodios lamentables como el ocurrido en la exposici\u00f3n de la Sociedad Rural en donde, \u00abpatoterilmente\u00bb volvieron a generar momentos desagradables en los que colocan a los productores en el mismo lugar en el que agrupan a todos aquellos que nos atrevimos en alg\u00fan momento a decirles, basta!\u00bb<\/p>\n\n\n\n<p>\u00abPara conocer la realidad del sector, el precandidato Fern\u00e1ndez no necesita reunirse con la Mesa de Enlace porque su accionar y el de sus compa\u00f1eros de gobierno ha sido el causante de la situaci\u00f3n que hoy tenemos. Buscan la foto, para atraer a indecisos y convencerlos de que cambiaron, cuando lamentablemente todos sabemos que no es as\u00ed\u00bb.<br><\/p>\n","protected":false},"excerpt":{"rendered":"<p>A trav\u00e9s de un comunicado la Sociedad Rural de San Pedro expresa su preocupaci\u00f3n ante los trascendidos que refieren a un posible encuentro entre representantes de la Mesa de Enlace y el precandidato a presidente por el Frente de Todos Alberto Fern\u00e1ndez.\u00a0 \u00abConfirmando que s\u00f3lo los humanos solemos tropezar dos o m\u00e1s veces con la [&hellip;]<\/p>\n","protected":false},"author":4,"featured_media":57094,"comment_status":"open","ping_status":"closed","sticky":false,"template":"","format":"standard","meta":{"om_disable_all_campaigns":false,"_jetpack_memberships_contains_paid_content":false,"footnotes":""},"categories":[2],"tags":[],"class_list":["post-57093","post","type-post","status-publish","format-standard","has-post-thumbnail","hentry","category-locales"],"aioseo_notices":[],"gutentor_comment":0,"jetpack_featured_media_url":"https:\/\/eldiariodesanpedro.com.ar\/sitio\/wp-content\/uploads\/2019\/07\/Asamblea-Rural-2019-4.jpeg","jetpack_shortlink":"https:\/\/wp.me\/p6RhLt-eQR","jetpack_sharing_enabled":true,"_links":{"self":[{"href":"https:\/\/eldiariodesanpedro.com.ar\/sitio\/wp-json\/wp\/v2\/posts\/57093","targetHints":{"allow":["GET"]}}],"collection":[{"href":"https:\/\/eldiariodesanpedro.com.ar\/sitio\/wp-json\/wp\/v2\/posts"}],"about":[{"href":"https:\/\/eldiariodesanpedro.com.ar\/sitio\/wp-json\/wp\/v2\/types\/post"}],"author":[{"embeddable":true,"href":"https:\/\/eldiariodesanpedro.com.ar\/sitio\/wp-json\/wp\/v2\/users\/4"}],"replies":[{"embeddable":true,"href":"https:\/\/eldiariodesanpedro.com.ar\/sitio\/wp-json\/wp\/v2\/comments?post=57093"}],"version-history":[{"count":1,"href":"https:\/\/eldiariodesanpedro.com.ar\/sitio\/wp-json\/wp\/v2\/posts\/57093\/revisions"}],"predecessor-version":[{"id":57095,"href":"https:\/\/eldiariodesanpedro.com.ar\/sitio\/wp-json\/wp\/v2\/posts\/57093\/revisions\/57095"}],"wp:featuredmedia":[{"embeddable":true,"href":"https:\/\/eldiariodesanpedro.com.ar\/sitio\/wp-json\/wp\/v2\/media\/57094"}],"wp:attachment":[{"href":"https:\/\/eldiariodesanpedro.com.ar\/sitio\/wp-json\/wp\/v2\/media?parent=57093"}],"wp:term":[{"taxonomy":"category","embeddable":true,"href":"https:\/\/eldiariodesanpedro.com.ar\/sitio\/wp-json\/wp\/v2\/categories?post=57093"},{"taxonomy":"post_tag","embeddable":true,"href":"https:\/\/eldiariodesanpedro.com.ar\/sitio\/wp-json\/wp\/v2\/tags?post=57093"}],"curies":[{"name":"wp","href":"https:\/\/api.w.org\/{rel}","templated":true}]}}