{"id":57082,"date":"2019-07-29T10:05:25","date_gmt":"2019-07-29T13:05:25","guid":{"rendered":"https:\/\/eldiariodesanpedro.com.ar\/sitio\/?p=57082"},"modified":"2019-07-29T10:06:11","modified_gmt":"2019-07-29T13:06:11","slug":"san-nicolas-reabre-sus-puertas-la-automotriz-general-motors-tras-21-dias-de-cese","status":"publish","type":"post","link":"https:\/\/eldiariodesanpedro.com.ar\/sitio\/san-nicolas-reabre-sus-puertas-la-automotriz-general-motors-tras-21-dias-de-cese\/","title":{"rendered":"SAN NICOL\u00c1S | Reabre sus puertas la automotriz General Motors tras 21 d\u00edas de cese"},"content":{"rendered":"<!-- VideographyWP Plugin Message: Automatic video embedding prevented by plugin options. -->\n\n<p>\n\nLa compa\u00f1\u00eda General Motors (GM) reabre la planta industrial que est\u00e1 situada en General Alvear, en el Gran Rosario. Tras el cese de actividades que comenz\u00f3 a mediados de junio, los operarios volvieron a sus puestos de trabajo hoy, lunes 29 de julio.<\/p>\n\n\n\n<p>As\u00ed lo confirm\u00f3 el secretario general de SMATA (Sindicato de Mec\u00e1nicos y Afines del Transporte Automotor) Rosario, Marcelo Barros. El dirigente adem\u00e1s brind\u00f3 detalles sobre las jornadas laborales de la industria que emplea a 2.500 personas (1.500 empleos directos y 1.000 indirectos).<\/p>\n\n\n\n<p>El dirigente gremial se\u00f1al\u00f3 que inicialmente los operarios trabajar\u00e1n en un solo turno, mientras que en dos \u00e1reas espec\u00edficas habr\u00e1 empleados que prestar\u00e1n servicio durante un turno y medio.<\/p>\n\n\n\n<p>En relaci\u00f3n a un plan que ten\u00eda proyectado la empresa para el a\u00f1o que viene, Barros indic\u00f3: \u201cEl nuevo producto que iban a incorporar en 2020 comenzar\u00e1 a fabricarse en 2021. Asimismo, contin\u00faan las obras del proyecto\u201d.<\/p>\n\n\n\n<p>Por otra parte, el referente principal del sindicato de Rosario manifest\u00f3: \u201cEsperemos que la situaci\u00f3n se solucione antes de fin de a\u00f1o y no haya m\u00e1s suspensiones\u201d. <\/p>\n\n\n\n<p>Fuente: Diario El Informante<\/p>\n","protected":false},"excerpt":{"rendered":"<p>La compa\u00f1\u00eda General Motors (GM) reabre la planta industrial que est\u00e1 situada en General Alvear, en el Gran Rosario. Tras el cese de actividades que comenz\u00f3 a mediados de junio, los operarios volvieron a sus puestos de trabajo hoy, lunes 29 de julio. As\u00ed lo confirm\u00f3 el secretario general de SMATA (Sindicato de Mec\u00e1nicos y [&hellip;]<\/p>\n","protected":false},"author":4,"featured_media":57084,"comment_status":"open","ping_status":"closed","sticky":false,"template":"","format":"standard","meta":{"om_disable_all_campaigns":false,"_jetpack_memberships_contains_paid_content":false,"footnotes":""},"categories":[621],"tags":[],"class_list":["post-57082","post","type-post","status-publish","format-standard","has-post-thumbnail","hentry","category-regionales"],"aioseo_notices":[],"gutentor_comment":0,"jetpack_featured_media_url":"https:\/\/eldiariodesanpedro.com.ar\/sitio\/wp-content\/uploads\/2019\/07\/no_ll9eaanxss1z60xno_pusweprwsesrrvpgm.jpg","jetpack_shortlink":"https:\/\/wp.me\/p6RhLt-eQG","jetpack_sharing_enabled":true,"_links":{"self":[{"href":"https:\/\/eldiariodesanpedro.com.ar\/sitio\/wp-json\/wp\/v2\/posts\/57082","targetHints":{"allow":["GET"]}}],"collection":[{"href":"https:\/\/eldiariodesanpedro.com.ar\/sitio\/wp-json\/wp\/v2\/posts"}],"about":[{"href":"https:\/\/eldiariodesanpedro.com.ar\/sitio\/wp-json\/wp\/v2\/types\/post"}],"author":[{"embeddable":true,"href":"https:\/\/eldiariodesanpedro.com.ar\/sitio\/wp-json\/wp\/v2\/users\/4"}],"replies":[{"embeddable":true,"href":"https:\/\/eldiariodesanpedro.com.ar\/sitio\/wp-json\/wp\/v2\/comments?post=57082"}],"version-history":[{"count":2,"href":"https:\/\/eldiariodesanpedro.com.ar\/sitio\/wp-json\/wp\/v2\/posts\/57082\/revisions"}],"predecessor-version":[{"id":57086,"href":"https:\/\/eldiariodesanpedro.com.ar\/sitio\/wp-json\/wp\/v2\/posts\/57082\/revisions\/57086"}],"wp:featuredmedia":[{"embeddable":true,"href":"https:\/\/eldiariodesanpedro.com.ar\/sitio\/wp-json\/wp\/v2\/media\/57084"}],"wp:attachment":[{"href":"https:\/\/eldiariodesanpedro.com.ar\/sitio\/wp-json\/wp\/v2\/media?parent=57082"}],"wp:term":[{"taxonomy":"category","embeddable":true,"href":"https:\/\/eldiariodesanpedro.com.ar\/sitio\/wp-json\/wp\/v2\/categories?post=57082"},{"taxonomy":"post_tag","embeddable":true,"href":"https:\/\/eldiariodesanpedro.com.ar\/sitio\/wp-json\/wp\/v2\/tags?post=57082"}],"curies":[{"name":"wp","href":"https:\/\/api.w.org\/{rel}","templated":true}]}}