{"id":5708,"date":"2016-07-04T09:54:26","date_gmt":"2016-07-04T12:54:26","guid":{"rendered":"https:\/\/eldiariodesanpedro.com.ar\/sitio\/?p=5708"},"modified":"2026-01-24T00:35:33","modified_gmt":"2026-01-24T03:35:33","slug":"silvio-velo-presento-su-libro","status":"publish","type":"post","link":"https:\/\/eldiariodesanpedro.com.ar\/sitio\/silvio-velo-presento-su-libro\/","title":{"rendered":"Silvio Velo present\u00f3 su libro"},"content":{"rendered":"<p><!-- VideographyWP Plugin Message: Automatic video embedding prevented by plugin options. --><br \/>\n\u201cCuando hay voluntad, hay mil maneras\u201d. Con esta frase, Silvio Velo cerr\u00f3 la charla motivacional que se realiz\u00f3 en el Teatro Opera Allianz y que sirvi\u00f3 para presentar su primer libro, en el que se describe la historia del mejor futbolista ciego de todos los tiempos. Desde sus comienzos, en San Pedro, pasando por el Instituto Rom\u00e1n Rosell de San Isidro, hasta el d\u00eda de hoy, que lo tiene como capit\u00e1n de los Murci\u00e9lagos, la Selecci\u00f3n Argentina de F\u00fatbol para ciegos.<\/p>\n<p>Fue Eduardo Sacheri el que puso primera y ley\u00f3 ante el p\u00fablico el pr\u00f3logo que \u00e9l mismo le dedic\u00f3 a Velo, en el que destaca \u201clas proezas de un jugador ciego\u201d. El escritor, con esa claridad que lo caracteriza describi\u00f3 que \u201cSilvio cuenta el mundo que supo construir. Lo hace con humor, su humor. Para m\u00ed fue un placer y un honor\u201d, reconoci\u00f3 el escritor.<\/p>\n<p>Luego, apareci\u00f3 en escena el gran protagonista: Silvio Velo. \u201cLa idea del libro la ven\u00eda pensando desde hace un tiempo y ahora la pude plasmar. Estoy muy contento porque ya es un hecho y cumplo un nuevo sue\u00f1o\u201c, dijo el \u201c5\u201d de la Selecci\u00f3n. Despu\u00e9s, le agradeci\u00f3 a sus padres \u201cporque no me sobre protegieron\u201d, a su mujer Claudia \u201cporque me aguanta siempre\u201d, y a sus cinco hijos y a los mellizos \u201cque est\u00e1n por llegar\u201d.<br \/>\n\u201cEl secreto es la disciplina, el esfuerzo y el sacrificio. Conocer los l\u00edmites. Y reinventarse. Estoy en la Selecci\u00f3n desde 1991 y tengo la pasi\u00f3n intacta\u201c, asegur\u00f3. Reconoci\u00f3 que sue\u00f1a con lograr la medalla dorada en los Juegos Paral\u00edmpicos de R\u00edo y \u201cque me dan la de oro o no me retiro m\u00e1s\u201d.<\/p>\n<p>El entrenador Mart\u00edn Damonte y los integrantes de los Murci\u00e9lagos, Domingo Latela (presidente de la Federaci\u00f3n de Deportes para Ciegos), dirigentes del COPAR y Wanda Holtz, Coordinadora T\u00e9cnica Deportiva del ENARD, entre otros, se presentaron en Teatro Opera Allianza para acompa\u00f1ar a Silvio Velo.<\/p>\n<p>El libro, que se realiz\u00f3 con el apoyo de Allianz y que fue escrito por Eduardo Podest\u00e1, se pondr\u00e1 a la venta a partir del 10 de julio.(Paradeportes.com)<\/p>\n","protected":false},"excerpt":{"rendered":"<p>\u201cCuando hay voluntad, hay mil maneras\u201d. Con esta frase, Silvio Velo cerr\u00f3 la charla motivacional que se realiz\u00f3 en el Teatro Opera Allianz y que sirvi\u00f3 para presentar su primer libro, en el que se describe la historia del mejor futbolista ciego de todos los tiempos. Desde sus comienzos, en San Pedro, pasando por el [&hellip;]<\/p>\n","protected":false},"author":4,"featured_media":5709,"comment_status":"open","ping_status":"closed","sticky":false,"template":"","format":"standard","meta":{"om_disable_all_campaigns":false,"_jetpack_memberships_contains_paid_content":false,"footnotes":""},"categories":[5],"tags":[],"class_list":["post-5708","post","type-post","status-publish","format-standard","has-post-thumbnail","hentry","category-deportes"],"aioseo_notices":[],"gutentor_comment":0,"jetpack_featured_media_url":"https:\/\/eldiariodesanpedro.com.ar\/sitio\/wp-content\/uploads\/2016\/07\/foto-1-05-07-16-velo.jpg","jetpack_shortlink":"https:\/\/wp.me\/p6RhLt-1u4","jetpack_sharing_enabled":true,"_links":{"self":[{"href":"https:\/\/eldiariodesanpedro.com.ar\/sitio\/wp-json\/wp\/v2\/posts\/5708","targetHints":{"allow":["GET"]}}],"collection":[{"href":"https:\/\/eldiariodesanpedro.com.ar\/sitio\/wp-json\/wp\/v2\/posts"}],"about":[{"href":"https:\/\/eldiariodesanpedro.com.ar\/sitio\/wp-json\/wp\/v2\/types\/post"}],"author":[{"embeddable":true,"href":"https:\/\/eldiariodesanpedro.com.ar\/sitio\/wp-json\/wp\/v2\/users\/4"}],"replies":[{"embeddable":true,"href":"https:\/\/eldiariodesanpedro.com.ar\/sitio\/wp-json\/wp\/v2\/comments?post=5708"}],"version-history":[{"count":1,"href":"https:\/\/eldiariodesanpedro.com.ar\/sitio\/wp-json\/wp\/v2\/posts\/5708\/revisions"}],"predecessor-version":[{"id":5710,"href":"https:\/\/eldiariodesanpedro.com.ar\/sitio\/wp-json\/wp\/v2\/posts\/5708\/revisions\/5710"}],"wp:featuredmedia":[{"embeddable":true,"href":"https:\/\/eldiariodesanpedro.com.ar\/sitio\/wp-json\/wp\/v2\/media\/5709"}],"wp:attachment":[{"href":"https:\/\/eldiariodesanpedro.com.ar\/sitio\/wp-json\/wp\/v2\/media?parent=5708"}],"wp:term":[{"taxonomy":"category","embeddable":true,"href":"https:\/\/eldiariodesanpedro.com.ar\/sitio\/wp-json\/wp\/v2\/categories?post=5708"},{"taxonomy":"post_tag","embeddable":true,"href":"https:\/\/eldiariodesanpedro.com.ar\/sitio\/wp-json\/wp\/v2\/tags?post=5708"}],"curies":[{"name":"wp","href":"https:\/\/api.w.org\/{rel}","templated":true}]}}