{"id":57079,"date":"2019-07-29T10:03:08","date_gmt":"2019-07-29T13:03:08","guid":{"rendered":"https:\/\/eldiariodesanpedro.com.ar\/sitio\/?p=57079"},"modified":"2019-07-29T10:03:12","modified_gmt":"2019-07-29T13:03:12","slug":"san-nicolas-jornada-de-protesta-de-uom-en-porteria-central-de-ternium","status":"publish","type":"post","link":"https:\/\/eldiariodesanpedro.com.ar\/sitio\/san-nicolas-jornada-de-protesta-de-uom-en-porteria-central-de-ternium\/","title":{"rendered":"SAN NICOL\u00c1S | Jornada de protesta de UOM en porter\u00eda central de Ternium"},"content":{"rendered":"<!-- VideographyWP Plugin Message: Automatic video embedding prevented by plugin options. -->\n\n<p>\n\nM\u00e1s de 100 delegados del Sindicato de la UOM junto a integrantes de la Comisi\u00f3n Directiva se est\u00e1n manifestando en el ingreso a Porter\u00eda Central de la empresa sider\u00fargica Ternium. Los operarios de la planta ingresan por Porter\u00eda 1, y trabajan de forma normal.&nbsp;<\/p>\n\n\n\n<p>Se trata de una jornada de protesta que se realiza en distintos puntos del pa\u00eds, por la falta de acuerdo en las negociaciones paritarias de la Rama 21.<\/p>\n\n\n\n<p>Los manifestantes comenzaron con la movilizaci\u00f3n esta ma\u00f1ana y continuar\u00e1n hasta las 17:00 de este lunes.<\/p>\n\n\n\n<p>El plan de lucha se intensificar\u00eda durante toda la semana, incluyendo este martes una protesta en las Torres Catalinas del Holding TECHINT.\n\n<\/p>\n","protected":false},"excerpt":{"rendered":"<p>M\u00e1s de 100 delegados del Sindicato de la UOM junto a integrantes de la Comisi\u00f3n Directiva se est\u00e1n manifestando en el ingreso a Porter\u00eda Central de la empresa sider\u00fargica Ternium. Los operarios de la planta ingresan por Porter\u00eda 1, y trabajan de forma normal.&nbsp; Se trata de una jornada de protesta que se realiza en [&hellip;]<\/p>\n","protected":false},"author":4,"featured_media":57080,"comment_status":"open","ping_status":"closed","sticky":false,"template":"","format":"standard","meta":{"om_disable_all_campaigns":false,"_jetpack_memberships_contains_paid_content":false,"footnotes":""},"categories":[621],"tags":[],"class_list":["post-57079","post","type-post","status-publish","format-standard","has-post-thumbnail","hentry","category-regionales"],"aioseo_notices":[],"gutentor_comment":0,"jetpack_featured_media_url":"https:\/\/eldiariodesanpedro.com.ar\/sitio\/wp-content\/uploads\/2019\/07\/conmarca21245.jpg","jetpack_shortlink":"https:\/\/wp.me\/p6RhLt-eQD","jetpack_sharing_enabled":true,"_links":{"self":[{"href":"https:\/\/eldiariodesanpedro.com.ar\/sitio\/wp-json\/wp\/v2\/posts\/57079","targetHints":{"allow":["GET"]}}],"collection":[{"href":"https:\/\/eldiariodesanpedro.com.ar\/sitio\/wp-json\/wp\/v2\/posts"}],"about":[{"href":"https:\/\/eldiariodesanpedro.com.ar\/sitio\/wp-json\/wp\/v2\/types\/post"}],"author":[{"embeddable":true,"href":"https:\/\/eldiariodesanpedro.com.ar\/sitio\/wp-json\/wp\/v2\/users\/4"}],"replies":[{"embeddable":true,"href":"https:\/\/eldiariodesanpedro.com.ar\/sitio\/wp-json\/wp\/v2\/comments?post=57079"}],"version-history":[{"count":1,"href":"https:\/\/eldiariodesanpedro.com.ar\/sitio\/wp-json\/wp\/v2\/posts\/57079\/revisions"}],"predecessor-version":[{"id":57081,"href":"https:\/\/eldiariodesanpedro.com.ar\/sitio\/wp-json\/wp\/v2\/posts\/57079\/revisions\/57081"}],"wp:featuredmedia":[{"embeddable":true,"href":"https:\/\/eldiariodesanpedro.com.ar\/sitio\/wp-json\/wp\/v2\/media\/57080"}],"wp:attachment":[{"href":"https:\/\/eldiariodesanpedro.com.ar\/sitio\/wp-json\/wp\/v2\/media?parent=57079"}],"wp:term":[{"taxonomy":"category","embeddable":true,"href":"https:\/\/eldiariodesanpedro.com.ar\/sitio\/wp-json\/wp\/v2\/categories?post=57079"},{"taxonomy":"post_tag","embeddable":true,"href":"https:\/\/eldiariodesanpedro.com.ar\/sitio\/wp-json\/wp\/v2\/tags?post=57079"}],"curies":[{"name":"wp","href":"https:\/\/api.w.org\/{rel}","templated":true}]}}