{"id":57076,"date":"2019-07-29T10:00:56","date_gmt":"2019-07-29T13:00:56","guid":{"rendered":"https:\/\/eldiariodesanpedro.com.ar\/sitio\/?p=57076"},"modified":"2019-07-29T10:01:00","modified_gmt":"2019-07-29T13:01:00","slug":"ramallo-se-podra-realizar-la-licencia-de-conducir-en-la-delegacion-de-villa-general-savio","status":"publish","type":"post","link":"https:\/\/eldiariodesanpedro.com.ar\/sitio\/ramallo-se-podra-realizar-la-licencia-de-conducir-en-la-delegacion-de-villa-general-savio\/","title":{"rendered":"RAMALLO | Se podr\u00e1 realizar la licencia de conducir en la Delegaci\u00f3n de Villa General Savio"},"content":{"rendered":"<!-- VideographyWP Plugin Message: Automatic video embedding prevented by plugin options. -->\n\n<p>La Delegaci\u00f3n Municipal de Villa General Savio inform\u00f3 que desde este jueves se podr\u00e1 realizar el tr\u00e1mite de licencia de conducir \u00edntegramente en la oficina local de esa localidad. El tr\u00e1mite podr\u00e1 realizarse en su totalidad, desde la toma de fotos, la planilla de salud y el pago del mismo.<\/p>\n\n\n\n<p>Ramallo adquiri\u00f3 la m\u00e1quina impresora y capacit\u00f3 al personal para su uso. Hasta el momento se llevan instaladas dos impresoras, una en la Municipalidad de Ramallo y otra en la Oficina de licencias de la Delegaci\u00f3n de Villa Ramallo.<\/p>\n\n\n\n<p> Antes el tr\u00e1mite se realizaba en Ramallo pero se enviaba a Pergamino y ten\u00eda una demora de tres d\u00edas. Con este nuevo sistema permite tener la licencia de conducir al instante. Todos los vecinos que realicen el tr\u00e1mite podr\u00e1n retirar la licencia en el d\u00eda, y aquellos que sean de las localidades que no cuenten con la impresora, podr\u00e1n retirarla al d\u00eda siguiente en su delegaci\u00f3n municipal. <\/p>\n\n\n\n<p>Fuente: Ramallo Ciudad<\/p>\n","protected":false},"excerpt":{"rendered":"<p>La Delegaci\u00f3n Municipal de Villa General Savio inform\u00f3 que desde este jueves se podr\u00e1 realizar el tr\u00e1mite de licencia de conducir \u00edntegramente en la oficina local de esa localidad. El tr\u00e1mite podr\u00e1 realizarse en su totalidad, desde la toma de fotos, la planilla de salud y el pago del mismo. Ramallo adquiri\u00f3 la m\u00e1quina impresora [&hellip;]<\/p>\n","protected":false},"author":4,"featured_media":57077,"comment_status":"open","ping_status":"closed","sticky":false,"template":"","format":"standard","meta":{"om_disable_all_campaigns":false,"_jetpack_memberships_contains_paid_content":false,"footnotes":""},"categories":[621],"tags":[],"class_list":["post-57076","post","type-post","status-publish","format-standard","has-post-thumbnail","hentry","category-regionales"],"aioseo_notices":[],"gutentor_comment":0,"jetpack_featured_media_url":"https:\/\/eldiariodesanpedro.com.ar\/sitio\/wp-content\/uploads\/2019\/07\/bbx_342149379_1_licenciassss.jpg","jetpack_shortlink":"https:\/\/wp.me\/p6RhLt-eQA","jetpack_sharing_enabled":true,"_links":{"self":[{"href":"https:\/\/eldiariodesanpedro.com.ar\/sitio\/wp-json\/wp\/v2\/posts\/57076","targetHints":{"allow":["GET"]}}],"collection":[{"href":"https:\/\/eldiariodesanpedro.com.ar\/sitio\/wp-json\/wp\/v2\/posts"}],"about":[{"href":"https:\/\/eldiariodesanpedro.com.ar\/sitio\/wp-json\/wp\/v2\/types\/post"}],"author":[{"embeddable":true,"href":"https:\/\/eldiariodesanpedro.com.ar\/sitio\/wp-json\/wp\/v2\/users\/4"}],"replies":[{"embeddable":true,"href":"https:\/\/eldiariodesanpedro.com.ar\/sitio\/wp-json\/wp\/v2\/comments?post=57076"}],"version-history":[{"count":1,"href":"https:\/\/eldiariodesanpedro.com.ar\/sitio\/wp-json\/wp\/v2\/posts\/57076\/revisions"}],"predecessor-version":[{"id":57078,"href":"https:\/\/eldiariodesanpedro.com.ar\/sitio\/wp-json\/wp\/v2\/posts\/57076\/revisions\/57078"}],"wp:featuredmedia":[{"embeddable":true,"href":"https:\/\/eldiariodesanpedro.com.ar\/sitio\/wp-json\/wp\/v2\/media\/57077"}],"wp:attachment":[{"href":"https:\/\/eldiariodesanpedro.com.ar\/sitio\/wp-json\/wp\/v2\/media?parent=57076"}],"wp:term":[{"taxonomy":"category","embeddable":true,"href":"https:\/\/eldiariodesanpedro.com.ar\/sitio\/wp-json\/wp\/v2\/categories?post=57076"},{"taxonomy":"post_tag","embeddable":true,"href":"https:\/\/eldiariodesanpedro.com.ar\/sitio\/wp-json\/wp\/v2\/tags?post=57076"}],"curies":[{"name":"wp","href":"https:\/\/api.w.org\/{rel}","templated":true}]}}