{"id":57073,"date":"2019-07-29T10:03:34","date_gmt":"2019-07-29T13:03:34","guid":{"rendered":"https:\/\/eldiariodesanpedro.com.ar\/sitio\/?p=57073"},"modified":"2019-07-29T10:03:38","modified_gmt":"2019-07-29T13:03:38","slug":"enfrentamientos-entre-vecinos-un-herido-de-bala","status":"publish","type":"post","link":"https:\/\/eldiariodesanpedro.com.ar\/sitio\/enfrentamientos-entre-vecinos-un-herido-de-bala\/","title":{"rendered":"Enfrentamientos entre vecinos, un herido de bala"},"content":{"rendered":"<!-- VideographyWP Plugin Message: Automatic video embedding prevented by plugin options. -->\n\n<p>Se trata de un joven de 22 a\u00f1os de edad que fue asistido en la guardia del nosocomio local con una herida de arma de fuego en su pierna derecha,, de car\u00e1cter leve, quien se resisti\u00f3 a denunciar a su atacante.<\/p>\n\n\n\n<p>El violento episodio ocurri\u00f3 este domingo por la noche, sobre calle Liniers, en uno de los asentamientos donde vecinos de los barrios 49 viviendas y Cruz Roja denuncian que viven entre enfrentamientos entre dos grupos.<\/p>\n\n\n\n<p>El personal policial llego luego de varios disparos, trasladando a un joven herido, atendido en el Hospital de nuestra ciudad sin querer realizar denuncia.<\/p>\n","protected":false},"excerpt":{"rendered":"<p>Se trata de un joven de 22 a\u00f1os de edad que fue asistido en la guardia del nosocomio local con una herida de arma de fuego en su pierna derecha,, de car\u00e1cter leve, quien se resisti\u00f3 a denunciar a su atacante. El violento episodio ocurri\u00f3 este domingo por la noche, sobre calle Liniers, en uno [&hellip;]<\/p>\n","protected":false},"author":4,"featured_media":56528,"comment_status":"open","ping_status":"closed","sticky":false,"template":"","format":"standard","meta":{"om_disable_all_campaigns":false,"_jetpack_memberships_contains_paid_content":false,"footnotes":""},"categories":[2,103],"tags":[],"class_list":["post-57073","post","type-post","status-publish","format-standard","has-post-thumbnail","hentry","category-locales","category-policiales-locales"],"aioseo_notices":[],"gutentor_comment":0,"jetpack_featured_media_url":"https:\/\/eldiariodesanpedro.com.ar\/sitio\/wp-content\/uploads\/2019\/07\/patrulla66-1024x680.jpg","jetpack_shortlink":"https:\/\/wp.me\/p6RhLt-eQx","jetpack_sharing_enabled":true,"_links":{"self":[{"href":"https:\/\/eldiariodesanpedro.com.ar\/sitio\/wp-json\/wp\/v2\/posts\/57073","targetHints":{"allow":["GET"]}}],"collection":[{"href":"https:\/\/eldiariodesanpedro.com.ar\/sitio\/wp-json\/wp\/v2\/posts"}],"about":[{"href":"https:\/\/eldiariodesanpedro.com.ar\/sitio\/wp-json\/wp\/v2\/types\/post"}],"author":[{"embeddable":true,"href":"https:\/\/eldiariodesanpedro.com.ar\/sitio\/wp-json\/wp\/v2\/users\/4"}],"replies":[{"embeddable":true,"href":"https:\/\/eldiariodesanpedro.com.ar\/sitio\/wp-json\/wp\/v2\/comments?post=57073"}],"version-history":[{"count":1,"href":"https:\/\/eldiariodesanpedro.com.ar\/sitio\/wp-json\/wp\/v2\/posts\/57073\/revisions"}],"predecessor-version":[{"id":57083,"href":"https:\/\/eldiariodesanpedro.com.ar\/sitio\/wp-json\/wp\/v2\/posts\/57073\/revisions\/57083"}],"wp:featuredmedia":[{"embeddable":true,"href":"https:\/\/eldiariodesanpedro.com.ar\/sitio\/wp-json\/wp\/v2\/media\/56528"}],"wp:attachment":[{"href":"https:\/\/eldiariodesanpedro.com.ar\/sitio\/wp-json\/wp\/v2\/media?parent=57073"}],"wp:term":[{"taxonomy":"category","embeddable":true,"href":"https:\/\/eldiariodesanpedro.com.ar\/sitio\/wp-json\/wp\/v2\/categories?post=57073"},{"taxonomy":"post_tag","embeddable":true,"href":"https:\/\/eldiariodesanpedro.com.ar\/sitio\/wp-json\/wp\/v2\/tags?post=57073"}],"curies":[{"name":"wp","href":"https:\/\/api.w.org\/{rel}","templated":true}]}}