{"id":5705,"date":"2016-07-03T20:53:33","date_gmt":"2016-07-03T23:53:33","guid":{"rendered":"https:\/\/eldiariodesanpedro.com.ar\/sitio\/?p=5705"},"modified":"2016-07-03T20:53:33","modified_gmt":"2016-07-03T23:53:33","slug":"incendio-de-una-camioneta-en-la-via-publica","status":"publish","type":"post","link":"https:\/\/eldiariodesanpedro.com.ar\/sitio\/incendio-de-una-camioneta-en-la-via-publica\/","title":{"rendered":"Incendio de una camioneta en la v\u00eda p\u00fablica"},"content":{"rendered":"<p><!-- VideographyWP Plugin Message: Automatic video embedding prevented by plugin options. --><br \/>\nOcurri\u00f3 durante la madrugada del s\u00e1bado en G\u00fcemes al 700 y se cree que podr\u00eda ser intencional. Seg\u00fan denunci\u00f3 su propietario en la dependencia local, \u201cpromediando las 02.00 horas, en momentos que se encontraba en su vivienda durmiendo, es anoticiado por su pareja, quien tras escuchar estruendo fuera de su casa, observa al salir que su camioneta se estaba incendiando\u201d.<br \/>\nCon el apoyo de los vecinos, lograron sofocar el fuego en su totalidad. Interviene la UFI N\u00ba 7, la que caratul\u00f3 el hecho como \u201cda\u00f1o\u201d.<\/p>\n","protected":false},"excerpt":{"rendered":"<p>Ocurri\u00f3 durante la madrugada del s\u00e1bado en G\u00fcemes al 700 y se cree que podr\u00eda ser intencional. Seg\u00fan denunci\u00f3 su propietario en la dependencia local, \u201cpromediando las 02.00 horas, en momentos que se encontraba en su vivienda durmiendo, es anoticiado por su pareja, quien tras escuchar estruendo fuera de su casa, observa al salir que [&hellip;]<\/p>\n","protected":false},"author":4,"featured_media":5588,"comment_status":"open","ping_status":"closed","sticky":false,"template":"","format":"standard","meta":{"om_disable_all_campaigns":false,"_jetpack_memberships_contains_paid_content":false,"footnotes":""},"categories":[101,2],"tags":[],"class_list":["post-5705","post","type-post","status-publish","format-standard","has-post-thumbnail","hentry","category-interes-general-locales","category-locales"],"aioseo_notices":[],"gutentor_comment":0,"jetpack_featured_media_url":"https:\/\/eldiariodesanpedro.com.ar\/sitio\/wp-content\/uploads\/2016\/06\/patrulla-policia-1.jpg","jetpack_shortlink":"https:\/\/wp.me\/p6RhLt-1u1","jetpack_sharing_enabled":true,"_links":{"self":[{"href":"https:\/\/eldiariodesanpedro.com.ar\/sitio\/wp-json\/wp\/v2\/posts\/5705","targetHints":{"allow":["GET"]}}],"collection":[{"href":"https:\/\/eldiariodesanpedro.com.ar\/sitio\/wp-json\/wp\/v2\/posts"}],"about":[{"href":"https:\/\/eldiariodesanpedro.com.ar\/sitio\/wp-json\/wp\/v2\/types\/post"}],"author":[{"embeddable":true,"href":"https:\/\/eldiariodesanpedro.com.ar\/sitio\/wp-json\/wp\/v2\/users\/4"}],"replies":[{"embeddable":true,"href":"https:\/\/eldiariodesanpedro.com.ar\/sitio\/wp-json\/wp\/v2\/comments?post=5705"}],"version-history":[{"count":1,"href":"https:\/\/eldiariodesanpedro.com.ar\/sitio\/wp-json\/wp\/v2\/posts\/5705\/revisions"}],"predecessor-version":[{"id":5706,"href":"https:\/\/eldiariodesanpedro.com.ar\/sitio\/wp-json\/wp\/v2\/posts\/5705\/revisions\/5706"}],"wp:featuredmedia":[{"embeddable":true,"href":"https:\/\/eldiariodesanpedro.com.ar\/sitio\/wp-json\/wp\/v2\/media\/5588"}],"wp:attachment":[{"href":"https:\/\/eldiariodesanpedro.com.ar\/sitio\/wp-json\/wp\/v2\/media?parent=5705"}],"wp:term":[{"taxonomy":"category","embeddable":true,"href":"https:\/\/eldiariodesanpedro.com.ar\/sitio\/wp-json\/wp\/v2\/categories?post=5705"},{"taxonomy":"post_tag","embeddable":true,"href":"https:\/\/eldiariodesanpedro.com.ar\/sitio\/wp-json\/wp\/v2\/tags?post=5705"}],"curies":[{"name":"wp","href":"https:\/\/api.w.org\/{rel}","templated":true}]}}