{"id":57044,"date":"2019-07-28T17:00:11","date_gmt":"2019-07-28T20:00:11","guid":{"rendered":"https:\/\/eldiariodesanpedro.com.ar\/sitio\/?p=57044"},"modified":"2019-07-28T17:00:16","modified_gmt":"2019-07-28T20:00:16","slug":"durante-el-fin-de-semana-se-llevaron-a-cabo-varias-aprehensiones","status":"publish","type":"post","link":"https:\/\/eldiariodesanpedro.com.ar\/sitio\/durante-el-fin-de-semana-se-llevaron-a-cabo-varias-aprehensiones\/","title":{"rendered":"Durante el fin de semana se llevaron a cabo varias aprehensiones"},"content":{"rendered":"<!-- VideographyWP Plugin Message: Automatic video embedding prevented by plugin options. -->\n\n<p>Este s\u00e1bado en la intersecci\u00f3n de las calles en Balcarce y Belgrano, efectivos de la polic\u00eda de de la comisar\u00eda local aprehende a un masculino mayor de edad y secuestro su poder arma blanca.<\/p>\n\n\n\n<p>El mismo dia en calle G\u00fcemes y Miguel Porta, se aprehende masculino mayor de edad, quien registra Pedido Captura activo del a\u00f1o 2018 por robo, solicitado por el Correccional 1 San Nicol\u00e1s, magistrado dispone recaudos legales y posterior libertad.<\/p>\n\n\n\n<p>Tambi\u00e9n en Balcarce y 25 de Mayo, se aprehende masculino mayor de edad quien registra Pedido Captura Activo del a\u00f1o 2018 solicitado por la UFI 5 San Pedro.<\/p>\n\n\n\n<p>M\u00e1s tarde el mismo s\u00e1bado en calle 25 de Mayo y Alvear, se aprehende masculino mayor de edad y secuestro en su poder cigarrillo de marihuana.&nbsp;<\/p>\n\n\n\n<p>Ya en la madrugada de domingo en 3 de Febrero y Humanes, se aprehende masculino mayor de edad y secuestro en su poder envoltorio de nylon con marihuana.&nbsp;<\/p>\n\n\n\n<p>Adem\u00e1s momentos despu\u00e9s que el anterior en Balcarce y Mitre, se aprehende masculino mayor de edad quien registra Pedido Captura Activo del a\u00f1o 2003 por causa contravencional solicitada por el Juzgado de Paz Letrado Lomas de Zamora, magistrado dispone recaudos legales y posterior libertad.<\/p>\n\n\n\n<p>Tambi\u00e9n en la madrugada del domingo en Davila y Bottaro, se aprehende masculino mayor de edad quien se hallaba mencionado lugar en estado de ebriedad ocasionando disturbios en la v\u00eda p\u00fablica.<br><\/p>\n","protected":false},"excerpt":{"rendered":"<p>Este s\u00e1bado en la intersecci\u00f3n de las calles en Balcarce y Belgrano, efectivos de la polic\u00eda de de la comisar\u00eda local aprehende a un masculino mayor de edad y secuestro su poder arma blanca. El mismo dia en calle G\u00fcemes y Miguel Porta, se aprehende masculino mayor de edad, quien registra Pedido Captura activo del [&hellip;]<\/p>\n","protected":false},"author":4,"featured_media":56947,"comment_status":"open","ping_status":"closed","sticky":false,"template":"","format":"standard","meta":{"om_disable_all_campaigns":false,"_jetpack_memberships_contains_paid_content":false,"footnotes":""},"categories":[2,103],"tags":[],"class_list":["post-57044","post","type-post","status-publish","format-standard","has-post-thumbnail","hentry","category-locales","category-policiales-locales"],"aioseo_notices":[],"gutentor_comment":0,"jetpack_featured_media_url":"https:\/\/eldiariodesanpedro.com.ar\/sitio\/wp-content\/uploads\/2019\/07\/menor-aprehendido.jpg","jetpack_shortlink":"https:\/\/wp.me\/p6RhLt-eQ4","jetpack_sharing_enabled":true,"_links":{"self":[{"href":"https:\/\/eldiariodesanpedro.com.ar\/sitio\/wp-json\/wp\/v2\/posts\/57044","targetHints":{"allow":["GET"]}}],"collection":[{"href":"https:\/\/eldiariodesanpedro.com.ar\/sitio\/wp-json\/wp\/v2\/posts"}],"about":[{"href":"https:\/\/eldiariodesanpedro.com.ar\/sitio\/wp-json\/wp\/v2\/types\/post"}],"author":[{"embeddable":true,"href":"https:\/\/eldiariodesanpedro.com.ar\/sitio\/wp-json\/wp\/v2\/users\/4"}],"replies":[{"embeddable":true,"href":"https:\/\/eldiariodesanpedro.com.ar\/sitio\/wp-json\/wp\/v2\/comments?post=57044"}],"version-history":[{"count":1,"href":"https:\/\/eldiariodesanpedro.com.ar\/sitio\/wp-json\/wp\/v2\/posts\/57044\/revisions"}],"predecessor-version":[{"id":57045,"href":"https:\/\/eldiariodesanpedro.com.ar\/sitio\/wp-json\/wp\/v2\/posts\/57044\/revisions\/57045"}],"wp:featuredmedia":[{"embeddable":true,"href":"https:\/\/eldiariodesanpedro.com.ar\/sitio\/wp-json\/wp\/v2\/media\/56947"}],"wp:attachment":[{"href":"https:\/\/eldiariodesanpedro.com.ar\/sitio\/wp-json\/wp\/v2\/media?parent=57044"}],"wp:term":[{"taxonomy":"category","embeddable":true,"href":"https:\/\/eldiariodesanpedro.com.ar\/sitio\/wp-json\/wp\/v2\/categories?post=57044"},{"taxonomy":"post_tag","embeddable":true,"href":"https:\/\/eldiariodesanpedro.com.ar\/sitio\/wp-json\/wp\/v2\/tags?post=57044"}],"curies":[{"name":"wp","href":"https:\/\/api.w.org\/{rel}","templated":true}]}}