{"id":57041,"date":"2019-07-28T16:25:51","date_gmt":"2019-07-28T19:25:51","guid":{"rendered":"https:\/\/eldiariodesanpedro.com.ar\/sitio\/?p=57041"},"modified":"2019-07-28T16:25:55","modified_gmt":"2019-07-28T19:25:55","slug":"san-nicolas-el-avance-de-enfermedades-respiratorias-multiplica-la-demanda","status":"publish","type":"post","link":"https:\/\/eldiariodesanpedro.com.ar\/sitio\/san-nicolas-el-avance-de-enfermedades-respiratorias-multiplica-la-demanda\/","title":{"rendered":"SAN NICOL\u00c1S | El avance de enfermedades respiratorias multiplica la demanda"},"content":{"rendered":"<!-- VideographyWP Plugin Message: Automatic video embedding prevented by plugin options. -->\n\n<p>\n\nEl sanatorio del gremio metal\u00fargico concentra gran parte de la demanda de atenci\u00f3n e internaci\u00f3n por patolog\u00edas propias de la estaci\u00f3n invernal. En medio de un brote de casos severos, una persona mayor falleci\u00f3 como consecuencia de contraer Gripe A en San Nicol\u00e1s. \u201cSi comparamos julio de este a\u00f1o con el mismo mes de 2018 vemos que son muchos m\u00e1s los casos que se manifiestan hoy\u201d, advierte el Dr. Pablo Primucci, director m\u00e9dico del sanatorio de la UOM.<\/p>\n\n\n\n<p>Desde hace algunas semanas, la Guardia del sanatorio de la UOM se ve saturada por la demanda de personas afectadas por diferentes virus, algunos de los cuales pueden representar serio riesgo de vida.<\/p>\n\n\n\n<p>\u201cEste es un per\u00edodo estacional en el cual normalmente aumenta la cantidad de pacientes que llegan al sanatorio con patolog\u00edas respiratorias, en un escenario en el que suelen aparecer algunos brotes de enfermedades vinculadas al proceso respiratorio. En muchos casos se trata de complicaciones leves que se resuelven con tratamiento ambulatorio. Pero hay otros casos que requieren de diferentes estudios e incluso de internaci\u00f3n\u201d, explica el director del sanatorio de la UOM, Dr. Pablo Primucci. \u201cLo que llama la atenci\u00f3n es que si comparamos julio de este a\u00f1o con el mismo mes de 2018 vemos que son muchos m\u00e1s los casos que hoy se manifiestan. Incluso, estamos constatando una mayor cantidad de procesos respiratorios agudos en personas j\u00f3venes, que muchas veces se manifiestan sin riesgo aparente pero que pueden ser muy agresivos\u201d, agreg\u00f3 Primucci.<\/p>\n\n\n\n<p>La semana pasada, una persona mayor de edad falleci\u00f3 en el sanatorio de la UOM tras ser diagnosticado con Gripe A. Si bien la noticia genera alarma en la comunidad, lo importante es estar alertas ante la aparici\u00f3n de fiebres altas puesto que en el sanatorio de la UOM se han confirmado otros casos de Gripe A en los que se logr\u00f3 la recuperaci\u00f3n de los pacientes. De hecho, en el transcurso de esta semana uno de ellos fue dado de alta y otro evoluciona favorablemente.<\/p>\n\n\n\n<p>\u201cDesgraciadamente todos los a\u00f1os fallecen pacientes a causa del virus de la Influenza, que muchas veces puede derivar en una neumon\u00eda. Por ser un virus, no puede tratarse con antibi\u00f3ticos. Y entonces reviste suma relevancia el estado inmunol\u00f3gico de ese paciente como as\u00ed tambi\u00e9n los mecanismos de sost\u00e9n que se le pueden brindar\u201d, indic\u00f3 Primucci.<\/p>\n\n\n\n<p>Neumopat\u00edas de riesgo<\/p>\n\n\n\n<p>La Gripe A reviste una gravedad mayor que la de la Gripe o Influenza estacional puesto que se trata de una patolog\u00eda contra la que el cuerpo humano no estaba naturalmente inmunizado. Tiene s\u00edntomas muy parecidos a los de la gripe com\u00fan, pero con mayor agresividad ya que se manifiesta con fiebre muy alta, dolor de cabeza, dolor de garganta, dolor en las articulaciones o dificultad para respirar.<\/p>\n\n\n\n<p>\u201cHoy el 80 por ciento de los pacientes internados cl\u00ednicamente est\u00e1n afectados por neumopat\u00edas que no tienen que ver con la Gripe A pero que igualmente representan un riesgo. La comunidad debe saber que hay varios tipos de neumon\u00edas que son m\u00e1s frecuentes que la Gripe A y que no s\u00f3lo son altamente contagiosas sino que tambi\u00e9n pueden ser mortales. Por eso es vital la consulta con un profesional apenas detectado los s\u00edntomas\u201d, advirti\u00f3 Primucci.<\/p>\n\n\n\n<p>Entre los recaudos a tomar, el Director del sanatorio de la UOM aconsej\u00f3 la aplicaci\u00f3n de la vacuna correspondiente, as\u00ed como mantenerse abrigado y no exponerse al fr\u00edo. \u201cLa prevenci\u00f3n es fundamental en los pacientes considerados de alto riesgo como pueden ser los diab\u00e9ticos, hipertensos o personas con enfermedades pulmonares cr\u00f3nicas, etc\u201d, explica Primucci.<\/p>\n\n\n\n<p>Saturaci\u00f3n<\/p>\n\n\n\n<p>El sanatorio de la UOM ha ampliado su capacidad en el servicio de internaci\u00f3n, a pesar de lo cual se sigue trabajando \u00aba cama caliente\u00bb. Es decir que no termina de darse un alta de internaci\u00f3n cuando ya hay demanda asignada para esa cama. \u201cVenimos creciendo en cantidad de camas y en aparatolog\u00eda, pero la demanda sigue siendo muy alta. Pronto vamos a incorporar otras 16 camas, lo cual nos permitir\u00e1 solucionar las dificultades que se presentan hoy\u201d, se entusiasma el Dr. Primucci. Vale aclarar esas dificultades no se dan con los pacientes que ingresan por Guardia y son derivados a internaci\u00f3n sino en quienes deben internarse por un servicio programado como puede ser una intervenci\u00f3n quir\u00fargica.<\/p>\n","protected":false},"excerpt":{"rendered":"<p>El sanatorio del gremio metal\u00fargico concentra gran parte de la demanda de atenci\u00f3n e internaci\u00f3n por patolog\u00edas propias de la estaci\u00f3n invernal. En medio de un brote de casos severos, una persona mayor falleci\u00f3 como consecuencia de contraer Gripe A en San Nicol\u00e1s. \u201cSi comparamos julio de este a\u00f1o con el mismo mes de 2018 [&hellip;]<\/p>\n","protected":false},"author":4,"featured_media":57042,"comment_status":"open","ping_status":"closed","sticky":false,"template":"","format":"standard","meta":{"om_disable_all_campaigns":false,"_jetpack_memberships_contains_paid_content":false,"footnotes":""},"categories":[621],"tags":[],"class_list":["post-57041","post","type-post","status-publish","format-standard","has-post-thumbnail","hentry","category-regionales"],"aioseo_notices":[],"gutentor_comment":0,"jetpack_featured_media_url":"https:\/\/eldiariodesanpedro.com.ar\/sitio\/wp-content\/uploads\/2019\/07\/0_1_23.jpg","jetpack_shortlink":"https:\/\/wp.me\/p6RhLt-eQ1","jetpack_sharing_enabled":true,"_links":{"self":[{"href":"https:\/\/eldiariodesanpedro.com.ar\/sitio\/wp-json\/wp\/v2\/posts\/57041","targetHints":{"allow":["GET"]}}],"collection":[{"href":"https:\/\/eldiariodesanpedro.com.ar\/sitio\/wp-json\/wp\/v2\/posts"}],"about":[{"href":"https:\/\/eldiariodesanpedro.com.ar\/sitio\/wp-json\/wp\/v2\/types\/post"}],"author":[{"embeddable":true,"href":"https:\/\/eldiariodesanpedro.com.ar\/sitio\/wp-json\/wp\/v2\/users\/4"}],"replies":[{"embeddable":true,"href":"https:\/\/eldiariodesanpedro.com.ar\/sitio\/wp-json\/wp\/v2\/comments?post=57041"}],"version-history":[{"count":1,"href":"https:\/\/eldiariodesanpedro.com.ar\/sitio\/wp-json\/wp\/v2\/posts\/57041\/revisions"}],"predecessor-version":[{"id":57043,"href":"https:\/\/eldiariodesanpedro.com.ar\/sitio\/wp-json\/wp\/v2\/posts\/57041\/revisions\/57043"}],"wp:featuredmedia":[{"embeddable":true,"href":"https:\/\/eldiariodesanpedro.com.ar\/sitio\/wp-json\/wp\/v2\/media\/57042"}],"wp:attachment":[{"href":"https:\/\/eldiariodesanpedro.com.ar\/sitio\/wp-json\/wp\/v2\/media?parent=57041"}],"wp:term":[{"taxonomy":"category","embeddable":true,"href":"https:\/\/eldiariodesanpedro.com.ar\/sitio\/wp-json\/wp\/v2\/categories?post=57041"},{"taxonomy":"post_tag","embeddable":true,"href":"https:\/\/eldiariodesanpedro.com.ar\/sitio\/wp-json\/wp\/v2\/tags?post=57041"}],"curies":[{"name":"wp","href":"https:\/\/api.w.org\/{rel}","templated":true}]}}