{"id":57038,"date":"2019-07-28T16:07:49","date_gmt":"2019-07-28T19:07:49","guid":{"rendered":"https:\/\/eldiariodesanpedro.com.ar\/sitio\/?p=57038"},"modified":"2019-07-28T16:07:53","modified_gmt":"2019-07-28T19:07:53","slug":"capitan-sarmiento-encontraron-una-beba-en-una-bolsa-de-residuos","status":"publish","type":"post","link":"https:\/\/eldiariodesanpedro.com.ar\/sitio\/capitan-sarmiento-encontraron-una-beba-en-una-bolsa-de-residuos\/","title":{"rendered":"CAPIT\u00c1N SARMIENTO | Encontraron una beba en una bolsa de residuos"},"content":{"rendered":"<!-- VideographyWP Plugin Message: Automatic video embedding prevented by plugin options. -->\n\n<p>\n\nEn la noche de este viernes, una vecina de Capit\u00e1n Sarmiento encontr\u00f3 a una beba reci\u00e9n nacida dejada en la calle envuelta en una bolsa de residuos, como las que sacamos para que se lleve el cami\u00f3n de la basura.<\/p>\n\n\n\n<p>El hecho ocurri\u00f3 en las inmediaciones de las calles Guido Lucotti y Pedro Gambaro, cuando a una vecina advirti\u00f3 la situaci\u00f3n llamando a la polic\u00eda, que se hizo presente en el lugar y traslad\u00f3 a la beba al Hospital San Carlos, donde fue r\u00e1pidamente atendida y se encuentra en buen estado de salud.<\/p>\n\n\n\n<p>La beba estaba tirada en la bolsa junto con la placenta.<\/p>\n\n\n\n<p>La Estaci\u00f3n de Polic\u00eda Comunal, la Comisar\u00eda de la Mujer y dem\u00e1s fuerzas policiales de la vecina localidad se abocaron a la investigaci\u00f3n para dar con el paradero de quien cometi\u00f3 tan aberrante hecho.<\/p>\n\n\n\n<p>Fuente: Arrecifes Noticias<\/p>\n","protected":false},"excerpt":{"rendered":"<p>En la noche de este viernes, una vecina de Capit\u00e1n Sarmiento encontr\u00f3 a una beba reci\u00e9n nacida dejada en la calle envuelta en una bolsa de residuos, como las que sacamos para que se lleve el cami\u00f3n de la basura. El hecho ocurri\u00f3 en las inmediaciones de las calles Guido Lucotti y Pedro Gambaro, cuando [&hellip;]<\/p>\n","protected":false},"author":4,"featured_media":57039,"comment_status":"open","ping_status":"closed","sticky":false,"template":"","format":"standard","meta":{"om_disable_all_campaigns":false,"_jetpack_memberships_contains_paid_content":false,"footnotes":""},"categories":[621],"tags":[],"class_list":["post-57038","post","type-post","status-publish","format-standard","has-post-thumbnail","hentry","category-regionales"],"aioseo_notices":[],"gutentor_comment":0,"jetpack_featured_media_url":"https:\/\/eldiariodesanpedro.com.ar\/sitio\/wp-content\/uploads\/2019\/07\/beba-sarmiento-793x510.jpg","jetpack_shortlink":"https:\/\/wp.me\/p6RhLt-ePY","jetpack_sharing_enabled":true,"_links":{"self":[{"href":"https:\/\/eldiariodesanpedro.com.ar\/sitio\/wp-json\/wp\/v2\/posts\/57038","targetHints":{"allow":["GET"]}}],"collection":[{"href":"https:\/\/eldiariodesanpedro.com.ar\/sitio\/wp-json\/wp\/v2\/posts"}],"about":[{"href":"https:\/\/eldiariodesanpedro.com.ar\/sitio\/wp-json\/wp\/v2\/types\/post"}],"author":[{"embeddable":true,"href":"https:\/\/eldiariodesanpedro.com.ar\/sitio\/wp-json\/wp\/v2\/users\/4"}],"replies":[{"embeddable":true,"href":"https:\/\/eldiariodesanpedro.com.ar\/sitio\/wp-json\/wp\/v2\/comments?post=57038"}],"version-history":[{"count":1,"href":"https:\/\/eldiariodesanpedro.com.ar\/sitio\/wp-json\/wp\/v2\/posts\/57038\/revisions"}],"predecessor-version":[{"id":57040,"href":"https:\/\/eldiariodesanpedro.com.ar\/sitio\/wp-json\/wp\/v2\/posts\/57038\/revisions\/57040"}],"wp:featuredmedia":[{"embeddable":true,"href":"https:\/\/eldiariodesanpedro.com.ar\/sitio\/wp-json\/wp\/v2\/media\/57039"}],"wp:attachment":[{"href":"https:\/\/eldiariodesanpedro.com.ar\/sitio\/wp-json\/wp\/v2\/media?parent=57038"}],"wp:term":[{"taxonomy":"category","embeddable":true,"href":"https:\/\/eldiariodesanpedro.com.ar\/sitio\/wp-json\/wp\/v2\/categories?post=57038"},{"taxonomy":"post_tag","embeddable":true,"href":"https:\/\/eldiariodesanpedro.com.ar\/sitio\/wp-json\/wp\/v2\/tags?post=57038"}],"curies":[{"name":"wp","href":"https:\/\/api.w.org\/{rel}","templated":true}]}}