{"id":57035,"date":"2019-07-28T16:05:31","date_gmt":"2019-07-28T19:05:31","guid":{"rendered":"https:\/\/eldiariodesanpedro.com.ar\/sitio\/?p=57035"},"modified":"2019-07-28T16:05:35","modified_gmt":"2019-07-28T19:05:35","slug":"campana-un-auto-despisto-y-termino-en-un-zanjon","status":"publish","type":"post","link":"https:\/\/eldiariodesanpedro.com.ar\/sitio\/campana-un-auto-despisto-y-termino-en-un-zanjon\/","title":{"rendered":"CAMPANA | Un auto despist\u00f3 y termin\u00f3 en un zanj\u00f3n"},"content":{"rendered":"<!-- VideographyWP Plugin Message: Automatic video embedding prevented by plugin options. -->\n\n<p>\n\nSucedi\u00f3 a metros de la rotonda de Las Acacias y fue protagonizado por un Volkswagen Suran, luego de ser encerrado por un cami\u00f3n. Sus dos ocupantes resultaron heridos.&nbsp;<br><\/p>\n\n\n\n<p>\n\nUn nuevo accidente vial ocurri\u00f3 en la ruta 6. Esta vez, un Volkswagen Suran se despist\u00f3 y termin\u00f3 cayendo al zanj\u00f3n que divide ambas manos de la calzada.&nbsp;<\/p>\n\n\n\n<p>El hecho ocurri\u00f3 a metros de la rotonda de Las Acacias, sentido Campana. Seg\u00fan trascendi\u00f3, un cami\u00f3n encerr\u00f3 al veh\u00edculo y lo hizo perder el control.&nbsp;<\/p>\n\n\n\n<p>En el veh\u00edculo viajaban dos j\u00f3venes \u2013identificados como H\u00e9ctor Maciel y Axel Ramos- que resultaron heridos y fueron derivados al Hospital San Jos\u00e9 por dos m\u00f3viles del SAME.\n\n<\/p>\n","protected":false},"excerpt":{"rendered":"<p>Sucedi\u00f3 a metros de la rotonda de Las Acacias y fue protagonizado por un Volkswagen Suran, luego de ser encerrado por un cami\u00f3n. Sus dos ocupantes resultaron heridos.&nbsp; Un nuevo accidente vial ocurri\u00f3 en la ruta 6. Esta vez, un Volkswagen Suran se despist\u00f3 y termin\u00f3 cayendo al zanj\u00f3n que divide ambas manos de la [&hellip;]<\/p>\n","protected":false},"author":4,"featured_media":57036,"comment_status":"open","ping_status":"closed","sticky":false,"template":"","format":"standard","meta":{"om_disable_all_campaigns":false,"_jetpack_memberships_contains_paid_content":false,"footnotes":""},"categories":[621],"tags":[],"class_list":["post-57035","post","type-post","status-publish","format-standard","has-post-thumbnail","hentry","category-regionales"],"aioseo_notices":[],"gutentor_comment":0,"jetpack_featured_media_url":"https:\/\/eldiariodesanpedro.com.ar\/sitio\/wp-content\/uploads\/2019\/07\/20190728123344.jpg","jetpack_shortlink":"https:\/\/wp.me\/p6RhLt-ePV","jetpack_sharing_enabled":true,"_links":{"self":[{"href":"https:\/\/eldiariodesanpedro.com.ar\/sitio\/wp-json\/wp\/v2\/posts\/57035","targetHints":{"allow":["GET"]}}],"collection":[{"href":"https:\/\/eldiariodesanpedro.com.ar\/sitio\/wp-json\/wp\/v2\/posts"}],"about":[{"href":"https:\/\/eldiariodesanpedro.com.ar\/sitio\/wp-json\/wp\/v2\/types\/post"}],"author":[{"embeddable":true,"href":"https:\/\/eldiariodesanpedro.com.ar\/sitio\/wp-json\/wp\/v2\/users\/4"}],"replies":[{"embeddable":true,"href":"https:\/\/eldiariodesanpedro.com.ar\/sitio\/wp-json\/wp\/v2\/comments?post=57035"}],"version-history":[{"count":1,"href":"https:\/\/eldiariodesanpedro.com.ar\/sitio\/wp-json\/wp\/v2\/posts\/57035\/revisions"}],"predecessor-version":[{"id":57037,"href":"https:\/\/eldiariodesanpedro.com.ar\/sitio\/wp-json\/wp\/v2\/posts\/57035\/revisions\/57037"}],"wp:featuredmedia":[{"embeddable":true,"href":"https:\/\/eldiariodesanpedro.com.ar\/sitio\/wp-json\/wp\/v2\/media\/57036"}],"wp:attachment":[{"href":"https:\/\/eldiariodesanpedro.com.ar\/sitio\/wp-json\/wp\/v2\/media?parent=57035"}],"wp:term":[{"taxonomy":"category","embeddable":true,"href":"https:\/\/eldiariodesanpedro.com.ar\/sitio\/wp-json\/wp\/v2\/categories?post=57035"},{"taxonomy":"post_tag","embeddable":true,"href":"https:\/\/eldiariodesanpedro.com.ar\/sitio\/wp-json\/wp\/v2\/tags?post=57035"}],"curies":[{"name":"wp","href":"https:\/\/api.w.org\/{rel}","templated":true}]}}