{"id":57032,"date":"2019-07-28T15:59:34","date_gmt":"2019-07-28T18:59:34","guid":{"rendered":"https:\/\/eldiariodesanpedro.com.ar\/sitio\/?p=57032"},"modified":"2019-07-28T15:59:38","modified_gmt":"2019-07-28T18:59:38","slug":"zarate-decomisaron-mas-de-700-kilos-de-carne-con-hueso","status":"publish","type":"post","link":"https:\/\/eldiariodesanpedro.com.ar\/sitio\/zarate-decomisaron-mas-de-700-kilos-de-carne-con-hueso\/","title":{"rendered":"Z\u00c1RATE: Decomisaron m\u00e1s de 700 kilos de carne con hueso"},"content":{"rendered":"<!-- VideographyWP Plugin Message: Automatic video embedding prevented by plugin options. -->\n\n<p>La mercader\u00eda detectada en el puesto de control del kil\u00f3metro 858 de la Ruta Nacional 22 proven\u00eda desde la localidad de Z\u00e1rate, Buenos Aires, con destino a la planta de la cervecer\u00eda Quilmes en Neuqu\u00e9n, ubicada al lado del Mercado Concentrador provincial.<\/p>\n\n\n\n<p>Senasa junto al personal del puesto de Seguridad Vial de R\u00edo Colorado decomis\u00f3 62 costillares de m\u00e1s de 720 kilos de carne vacuna con hueso, transportados en forma irregular entre cajones de bebidas alcoh\u00f3licas intentando transgredir la barrera sanitaria.<\/p>\n\n\n\n<p>La carne vacuna estaba oculta en la parte delantera del transporte entre las cajas de cerveza -seis pallets con 1300 unidades de cerveza-, fue decomisada y posteriormente se envi\u00f3 a disposici\u00f3n final.<\/p>\n\n\n\n<p>La carne no contaba con los certificados sanitarios correspondientes que avalasen su origen, poniendo en riesgo la salud de los consumidores ya que el veh\u00edculo no estaba habilitado para la actividad. Adem\u00e1s, est\u00e1 prohibido su comercio en la regi\u00f3n patag\u00f3nica libre de fiebre aftosa sin vacunaci\u00f3n con reconocimiento internacional.<\/p>\n\n\n\n<p><strong>Fuente:&nbsp;<\/strong>Noticias Z\u00e1rate Alerta&nbsp;<\/p>\n","protected":false},"excerpt":{"rendered":"<p>La mercader\u00eda detectada en el puesto de control del kil\u00f3metro 858 de la Ruta Nacional 22 proven\u00eda desde la localidad de Z\u00e1rate, Buenos Aires, con destino a la planta de la cervecer\u00eda Quilmes en Neuqu\u00e9n, ubicada al lado del Mercado Concentrador provincial. Senasa junto al personal del puesto de Seguridad Vial de R\u00edo Colorado decomis\u00f3 [&hellip;]<\/p>\n","protected":false},"author":4,"featured_media":57033,"comment_status":"open","ping_status":"closed","sticky":false,"template":"","format":"standard","meta":{"om_disable_all_campaigns":false,"_jetpack_memberships_contains_paid_content":false,"footnotes":""},"categories":[621],"tags":[],"class_list":["post-57032","post","type-post","status-publish","format-standard","has-post-thumbnail","hentry","category-regionales"],"aioseo_notices":[],"gutentor_comment":0,"jetpack_featured_media_url":"https:\/\/eldiariodesanpedro.com.ar\/sitio\/wp-content\/uploads\/2019\/07\/carne.jpg","jetpack_shortlink":"https:\/\/wp.me\/p6RhLt-ePS","jetpack_sharing_enabled":true,"_links":{"self":[{"href":"https:\/\/eldiariodesanpedro.com.ar\/sitio\/wp-json\/wp\/v2\/posts\/57032","targetHints":{"allow":["GET"]}}],"collection":[{"href":"https:\/\/eldiariodesanpedro.com.ar\/sitio\/wp-json\/wp\/v2\/posts"}],"about":[{"href":"https:\/\/eldiariodesanpedro.com.ar\/sitio\/wp-json\/wp\/v2\/types\/post"}],"author":[{"embeddable":true,"href":"https:\/\/eldiariodesanpedro.com.ar\/sitio\/wp-json\/wp\/v2\/users\/4"}],"replies":[{"embeddable":true,"href":"https:\/\/eldiariodesanpedro.com.ar\/sitio\/wp-json\/wp\/v2\/comments?post=57032"}],"version-history":[{"count":1,"href":"https:\/\/eldiariodesanpedro.com.ar\/sitio\/wp-json\/wp\/v2\/posts\/57032\/revisions"}],"predecessor-version":[{"id":57034,"href":"https:\/\/eldiariodesanpedro.com.ar\/sitio\/wp-json\/wp\/v2\/posts\/57032\/revisions\/57034"}],"wp:featuredmedia":[{"embeddable":true,"href":"https:\/\/eldiariodesanpedro.com.ar\/sitio\/wp-json\/wp\/v2\/media\/57033"}],"wp:attachment":[{"href":"https:\/\/eldiariodesanpedro.com.ar\/sitio\/wp-json\/wp\/v2\/media?parent=57032"}],"wp:term":[{"taxonomy":"category","embeddable":true,"href":"https:\/\/eldiariodesanpedro.com.ar\/sitio\/wp-json\/wp\/v2\/categories?post=57032"},{"taxonomy":"post_tag","embeddable":true,"href":"https:\/\/eldiariodesanpedro.com.ar\/sitio\/wp-json\/wp\/v2\/tags?post=57032"}],"curies":[{"name":"wp","href":"https:\/\/api.w.org\/{rel}","templated":true}]}}