{"id":5703,"date":"2016-07-03T20:51:16","date_gmt":"2016-07-03T23:51:16","guid":{"rendered":"https:\/\/eldiariodesanpedro.com.ar\/sitio\/?p=5703"},"modified":"2016-07-03T20:51:16","modified_gmt":"2016-07-03T23:51:16","slug":"detienen-a-un-menor-de-16-anos-con-cocaina-lista-para-su-venta","status":"publish","type":"post","link":"https:\/\/eldiariodesanpedro.com.ar\/sitio\/detienen-a-un-menor-de-16-anos-con-cocaina-lista-para-su-venta\/","title":{"rendered":"Detienen a un menor de 16 a\u00f1os con coca\u00edna lista para su venta"},"content":{"rendered":"<p><!-- VideographyWP Plugin Message: Automatic video embedding prevented by plugin options. --><br \/>\nEl s\u00e1bado personal policial, en el marco de un \u201coperativo din\u00e1mico\u201d, intercept\u00f3 a dos sujetos que se dirig\u00edan en una motocicleta 110 C. C., los cuales transportaban estupefacientes, presuntamente para su comercializaci\u00f3n.<br \/>\nLo cierto es que el acompa\u00f1ante, un menor de edad de 16 a\u00f1os, al momento de detenerse, descendi\u00f3 raudamente del rodado para darse a la fuga. Sin embargo, resbal\u00f3 en el barro y pudo ser alcanzado r\u00e1pidamente. Se le secuestr\u00f3 en su poder un frasco pl\u00e1stico que intentaba introducirse en su boca, el cual conten\u00eda 22 envoltorios de nylon blanco \u201cbochitas\u201d de coca\u00edna.<br \/>\nInmediatamente, se procedi\u00f3 a su aprehensi\u00f3n, pese a que se resisti\u00f3 mediante patadas y golpes.<br \/>\nTom\u00f3 intervenci\u00f3n la UFI del Joven en virtud de que el masculino posee 16 a\u00f1os de edad. Se dispuso la notificaci\u00f3n del Art. 36 Ley 13.634 por el delito mencionado y la entrega a sus progenitores, en el caso del menor, y para con el mayor se dispuso su libertad previo cumplimentar diligencias de rigor. La causa fue caratulada como \u201cresistencia a la autoridad &#8211; tenencia de estupefacientes\u201d.<\/p>\n","protected":false},"excerpt":{"rendered":"<p>El s\u00e1bado personal policial, en el marco de un \u201coperativo din\u00e1mico\u201d, intercept\u00f3 a dos sujetos que se dirig\u00edan en una motocicleta 110 C. C., los cuales transportaban estupefacientes, presuntamente para su comercializaci\u00f3n. Lo cierto es que el acompa\u00f1ante, un menor de edad de 16 a\u00f1os, al momento de detenerse, descendi\u00f3 raudamente del rodado para darse [&hellip;]<\/p>\n","protected":false},"author":4,"featured_media":2693,"comment_status":"open","ping_status":"closed","sticky":false,"template":"","format":"standard","meta":{"om_disable_all_campaigns":false,"_jetpack_memberships_contains_paid_content":false,"footnotes":""},"categories":[50,101,2],"tags":[],"class_list":["post-5703","post","type-post","status-publish","format-standard","has-post-thumbnail","hentry","category-destacadas","category-interes-general-locales","category-locales"],"aioseo_notices":[],"gutentor_comment":0,"jetpack_featured_media_url":"https:\/\/eldiariodesanpedro.com.ar\/sitio\/wp-content\/uploads\/2016\/04\/Policia-Bonaerense.jpg","jetpack_shortlink":"https:\/\/wp.me\/p6RhLt-1tZ","jetpack_sharing_enabled":true,"_links":{"self":[{"href":"https:\/\/eldiariodesanpedro.com.ar\/sitio\/wp-json\/wp\/v2\/posts\/5703","targetHints":{"allow":["GET"]}}],"collection":[{"href":"https:\/\/eldiariodesanpedro.com.ar\/sitio\/wp-json\/wp\/v2\/posts"}],"about":[{"href":"https:\/\/eldiariodesanpedro.com.ar\/sitio\/wp-json\/wp\/v2\/types\/post"}],"author":[{"embeddable":true,"href":"https:\/\/eldiariodesanpedro.com.ar\/sitio\/wp-json\/wp\/v2\/users\/4"}],"replies":[{"embeddable":true,"href":"https:\/\/eldiariodesanpedro.com.ar\/sitio\/wp-json\/wp\/v2\/comments?post=5703"}],"version-history":[{"count":1,"href":"https:\/\/eldiariodesanpedro.com.ar\/sitio\/wp-json\/wp\/v2\/posts\/5703\/revisions"}],"predecessor-version":[{"id":5704,"href":"https:\/\/eldiariodesanpedro.com.ar\/sitio\/wp-json\/wp\/v2\/posts\/5703\/revisions\/5704"}],"wp:featuredmedia":[{"embeddable":true,"href":"https:\/\/eldiariodesanpedro.com.ar\/sitio\/wp-json\/wp\/v2\/media\/2693"}],"wp:attachment":[{"href":"https:\/\/eldiariodesanpedro.com.ar\/sitio\/wp-json\/wp\/v2\/media?parent=5703"}],"wp:term":[{"taxonomy":"category","embeddable":true,"href":"https:\/\/eldiariodesanpedro.com.ar\/sitio\/wp-json\/wp\/v2\/categories?post=5703"},{"taxonomy":"post_tag","embeddable":true,"href":"https:\/\/eldiariodesanpedro.com.ar\/sitio\/wp-json\/wp\/v2\/tags?post=5703"}],"curies":[{"name":"wp","href":"https:\/\/api.w.org\/{rel}","templated":true}]}}