{"id":57026,"date":"2019-07-27T11:35:37","date_gmt":"2019-07-27T14:35:37","guid":{"rendered":"https:\/\/eldiariodesanpedro.com.ar\/sitio\/?p=57026"},"modified":"2019-07-27T11:35:41","modified_gmt":"2019-07-27T14:35:41","slug":"ramallo-luego-de-45-dias-continua-el-acampe-en-bio-ramallo","status":"publish","type":"post","link":"https:\/\/eldiariodesanpedro.com.ar\/sitio\/ramallo-luego-de-45-dias-continua-el-acampe-en-bio-ramallo\/","title":{"rendered":"RAMALLO: Luego de 45 d\u00edas continua el acampe en Bio Ramallo"},"content":{"rendered":"<!-- VideographyWP Plugin Message: Automatic video embedding prevented by plugin options. -->\n\n<p>Los trabajadores despedidos de la firma Bio Ramallo contin\u00faan con la medida de fuerza acampando en el ingreso principal de la planta de biodiesel en el Parque Industrial Comirsa. All\u00ed son m\u00e1s de 30 trabajadores que desde hace 45 d\u00edas fueron despedidos de manera arbitraria por parte de la empresa. El delegado gremial, Fabi\u00e1n Sola, manifest\u00f3 que \u201cla situaci\u00f3n es lamentable, en el d\u00eda de ayer mantuvimos una nueva reuni\u00f3n en el Ministerio de Trabajo, donde se pidi\u00f3 una semana m\u00e1s de pr\u00f3rroga, la cual se extiende hasta el pr\u00f3ximo jueves a las 15.00, cuando nos volvamos a reunir\u201d.\u201cEl conflicto se sigue extendiendo, hace 45 d\u00edas que estamos acampando fuera de la empresa, la cual nos prohibi\u00f3 la entrada\u201d, explico Sola. Y agreg\u00f3: \u201cEl Ministerio de Trabajo de la provincia de Buenos Aires volvi\u00f3 a pedir una extensi\u00f3n de la conciliaci\u00f3n obligatoria; ahora vence el pr\u00f3ximo jueves, pero no tenemos una soluci\u00f3n al conflicto. El tema se extiende y no tenemos respuesta\u201d.El reclamo de los trabajadores ya lleva m\u00e1s de un mes y medio, cuando decidieron hacer un paro tras incumplimientos salariales. La empresa desoy\u00f3 el reclamo y envi\u00f3 telegramas de despidos para todos sus trabajadores. Desde all\u00ed, no han podido llegar a una soluci\u00f3n al conflicto.<\/p>\n\n\n\n<p>Hasta 2015 los trabajadores de la productora de biodiesel pertenec\u00edan al gremio de petroleros, pero luego de una huelga de nueve d\u00edas llevada adelante ese a\u00f1o, lograron ser encuadrados en el convenio colectivo de los aceiteros. La empresa inicialmente acept\u00f3 y empez\u00f3 a pagar lo que fija el convenio 420\/2005, pero en 2016 empez\u00f3 a incumplir los premios. La situaci\u00f3n se complic\u00f3 este a\u00f1o porque los trabajadores denunciaron que la firma incumpli\u00f3 el pago del aumento acordado en paritaria. A mediados del mes de junio, los trabajadores decidieron iniciar una huelga en reclamo del dinero adeudado y la respuesta fueron los telegramas de despido.El Ministerio de Trabajo de la provincia de Buenos Aires fue quien dict\u00f3 la conciliaci\u00f3n obligatoria, y ya lleva seis pr\u00f3rrogas. La empresa mantiene su decisi\u00f3n de despedir al personal. Los trabajadores han recibido el apoyo del resto de los sindicatos que tienen representaci\u00f3n en la zona industrial. Hace unas semanas el Sindicato de Camioneros dispuso un cese de actividades por 72 horas. Adem\u00e1s, recibieron el acompa\u00f1amiento de las diferentes fuerzas pol\u00edticas.<\/p>\n\n\n\n<p>Visit\u00f3 el acampe el intendente de Ramallo, Mauro Poletti, concejales de Ramallo y San Nicol\u00e1s. Adem\u00e1s del precandidato a gobernador de Buenos Aires por el Frente de Izquierda Unidad, Cristian Castillo, quien estuvo esta semana en el lugar apoyando a los trabajadores.Hace unas semanas, un grupo de trabajadores y delegados gremiales despedidos de la empresa de biodiesel fueron invitados al programa \u201cMinuto a Minuto\u201d, en el canal de noticias C5N. All\u00ed estuvieron acompa\u00f1ados por los trabajadores de la textil Sapor Tech, que despu\u00e9s del cierre de la firma hicieron una cooperativa para seguir funcionando; y de la hist\u00f3rica fabrica \u201cMielcita\u201d, donde cien empleados fueron despedidos sin indemnizaci\u00f3n.<\/p>\n\n\n\n<p>FUENTE: DIARIO EL NORTE<\/p>\n","protected":false},"excerpt":{"rendered":"<p>Los trabajadores despedidos de la firma Bio Ramallo contin\u00faan con la medida de fuerza acampando en el ingreso principal de la planta de biodiesel en el Parque Industrial Comirsa. All\u00ed son m\u00e1s de 30 trabajadores que desde hace 45 d\u00edas fueron despedidos de manera arbitraria por parte de la empresa. El delegado gremial, Fabi\u00e1n Sola, [&hellip;]<\/p>\n","protected":false},"author":4,"featured_media":57027,"comment_status":"open","ping_status":"closed","sticky":false,"template":"","format":"standard","meta":{"om_disable_all_campaigns":false,"_jetpack_memberships_contains_paid_content":false,"footnotes":""},"categories":[621],"tags":[],"class_list":["post-57026","post","type-post","status-publish","format-standard","has-post-thumbnail","hentry","category-regionales"],"aioseo_notices":[],"gutentor_comment":0,"jetpack_featured_media_url":"https:\/\/eldiariodesanpedro.com.ar\/sitio\/wp-content\/uploads\/2019\/07\/0-5.jpg","jetpack_shortlink":"https:\/\/wp.me\/p6RhLt-ePM","jetpack_sharing_enabled":true,"_links":{"self":[{"href":"https:\/\/eldiariodesanpedro.com.ar\/sitio\/wp-json\/wp\/v2\/posts\/57026","targetHints":{"allow":["GET"]}}],"collection":[{"href":"https:\/\/eldiariodesanpedro.com.ar\/sitio\/wp-json\/wp\/v2\/posts"}],"about":[{"href":"https:\/\/eldiariodesanpedro.com.ar\/sitio\/wp-json\/wp\/v2\/types\/post"}],"author":[{"embeddable":true,"href":"https:\/\/eldiariodesanpedro.com.ar\/sitio\/wp-json\/wp\/v2\/users\/4"}],"replies":[{"embeddable":true,"href":"https:\/\/eldiariodesanpedro.com.ar\/sitio\/wp-json\/wp\/v2\/comments?post=57026"}],"version-history":[{"count":1,"href":"https:\/\/eldiariodesanpedro.com.ar\/sitio\/wp-json\/wp\/v2\/posts\/57026\/revisions"}],"predecessor-version":[{"id":57028,"href":"https:\/\/eldiariodesanpedro.com.ar\/sitio\/wp-json\/wp\/v2\/posts\/57026\/revisions\/57028"}],"wp:featuredmedia":[{"embeddable":true,"href":"https:\/\/eldiariodesanpedro.com.ar\/sitio\/wp-json\/wp\/v2\/media\/57027"}],"wp:attachment":[{"href":"https:\/\/eldiariodesanpedro.com.ar\/sitio\/wp-json\/wp\/v2\/media?parent=57026"}],"wp:term":[{"taxonomy":"category","embeddable":true,"href":"https:\/\/eldiariodesanpedro.com.ar\/sitio\/wp-json\/wp\/v2\/categories?post=57026"},{"taxonomy":"post_tag","embeddable":true,"href":"https:\/\/eldiariodesanpedro.com.ar\/sitio\/wp-json\/wp\/v2\/tags?post=57026"}],"curies":[{"name":"wp","href":"https:\/\/api.w.org\/{rel}","templated":true}]}}