{"id":57024,"date":"2019-07-27T11:19:31","date_gmt":"2019-07-27T14:19:31","guid":{"rendered":"https:\/\/eldiariodesanpedro.com.ar\/sitio\/?p=57024"},"modified":"2019-07-27T11:19:35","modified_gmt":"2019-07-27T14:19:35","slug":"allanamiento-por-causa-abuso-sexual","status":"publish","type":"post","link":"https:\/\/eldiariodesanpedro.com.ar\/sitio\/allanamiento-por-causa-abuso-sexual\/","title":{"rendered":"Allanamiento por causa abuso sexual"},"content":{"rendered":"<!-- VideographyWP Plugin Message: Automatic video embedding prevented by plugin options. -->\n\n<p>Este vierne en horas de la tarde, se diligenci\u00f3 orden de allanamiento librada por Juzgado de Garant\u00edas 1 San Nicolas, en actuaciones caratuladas \u00ababuso sexual\u00bb, instruidas por la Comisar\u00eda de la Mujer y Familia de San Pedro con intervenci\u00f3n de la UFI 11.<\/p>\n\n\n\n<p>La diligencia se procedi\u00f3 en un domicilio sito en calle Vapor Nacional sin n\u00famero, lugar donde reside el acusado.<\/p>\n\n\n\n<p>Como resultado se secuestr\u00f3 un tel\u00e9fono celular y el traslado del sindicado a la dependencia local a la espera de la intervenci\u00f3n de la justicia.<br><\/p>\n","protected":false},"excerpt":{"rendered":"<p>Este vierne en horas de la tarde, se diligenci\u00f3 orden de allanamiento librada por Juzgado de Garant\u00edas 1 San Nicolas, en actuaciones caratuladas \u00ababuso sexual\u00bb, instruidas por la Comisar\u00eda de la Mujer y Familia de San Pedro con intervenci\u00f3n de la UFI 11. La diligencia se procedi\u00f3 en un domicilio sito en calle Vapor Nacional [&hellip;]<\/p>\n","protected":false},"author":4,"featured_media":56528,"comment_status":"open","ping_status":"closed","sticky":false,"template":"","format":"standard","meta":{"om_disable_all_campaigns":false,"_jetpack_memberships_contains_paid_content":false,"footnotes":""},"categories":[2,103],"tags":[],"class_list":["post-57024","post","type-post","status-publish","format-standard","has-post-thumbnail","hentry","category-locales","category-policiales-locales"],"aioseo_notices":[],"gutentor_comment":0,"jetpack_featured_media_url":"https:\/\/eldiariodesanpedro.com.ar\/sitio\/wp-content\/uploads\/2019\/07\/patrulla66-1024x680.jpg","jetpack_shortlink":"https:\/\/wp.me\/p6RhLt-ePK","jetpack_sharing_enabled":true,"_links":{"self":[{"href":"https:\/\/eldiariodesanpedro.com.ar\/sitio\/wp-json\/wp\/v2\/posts\/57024","targetHints":{"allow":["GET"]}}],"collection":[{"href":"https:\/\/eldiariodesanpedro.com.ar\/sitio\/wp-json\/wp\/v2\/posts"}],"about":[{"href":"https:\/\/eldiariodesanpedro.com.ar\/sitio\/wp-json\/wp\/v2\/types\/post"}],"author":[{"embeddable":true,"href":"https:\/\/eldiariodesanpedro.com.ar\/sitio\/wp-json\/wp\/v2\/users\/4"}],"replies":[{"embeddable":true,"href":"https:\/\/eldiariodesanpedro.com.ar\/sitio\/wp-json\/wp\/v2\/comments?post=57024"}],"version-history":[{"count":1,"href":"https:\/\/eldiariodesanpedro.com.ar\/sitio\/wp-json\/wp\/v2\/posts\/57024\/revisions"}],"predecessor-version":[{"id":57025,"href":"https:\/\/eldiariodesanpedro.com.ar\/sitio\/wp-json\/wp\/v2\/posts\/57024\/revisions\/57025"}],"wp:featuredmedia":[{"embeddable":true,"href":"https:\/\/eldiariodesanpedro.com.ar\/sitio\/wp-json\/wp\/v2\/media\/56528"}],"wp:attachment":[{"href":"https:\/\/eldiariodesanpedro.com.ar\/sitio\/wp-json\/wp\/v2\/media?parent=57024"}],"wp:term":[{"taxonomy":"category","embeddable":true,"href":"https:\/\/eldiariodesanpedro.com.ar\/sitio\/wp-json\/wp\/v2\/categories?post=57024"},{"taxonomy":"post_tag","embeddable":true,"href":"https:\/\/eldiariodesanpedro.com.ar\/sitio\/wp-json\/wp\/v2\/tags?post=57024"}],"curies":[{"name":"wp","href":"https:\/\/api.w.org\/{rel}","templated":true}]}}