{"id":57017,"date":"2019-07-27T10:58:56","date_gmt":"2019-07-27T13:58:56","guid":{"rendered":"https:\/\/eldiariodesanpedro.com.ar\/sitio\/?p=57017"},"modified":"2019-07-27T10:59:01","modified_gmt":"2019-07-27T13:59:01","slug":"mas-poder-para-zarate-toyota-traslada-sus-operaciones-regionales-desde-japon-a-la-argentina","status":"publish","type":"post","link":"https:\/\/eldiariodesanpedro.com.ar\/sitio\/mas-poder-para-zarate-toyota-traslada-sus-operaciones-regionales-desde-japon-a-la-argentina\/","title":{"rendered":"M\u00e1s poder para Z\u00e1rate: Toyota traslada sus operaciones regionales desde Jap\u00f3n a la Argentina"},"content":{"rendered":"<!-- VideographyWP Plugin Message: Automatic video embedding prevented by plugin options. -->\n\n<p>Toyota Argentina gan\u00f3 desde hoy m\u00e1s poder dentro de la estructura de la marca japonesa al convertirse en la nueva sede de la automotriz para toda Latinoam\u00e9rica y el Caribe. De esta manera, las oficinas regionales \u2013que hasta ahora operaban en Jap\u00f3n- se trasladar\u00e1n a las oficinas y f\u00e1brica de la provincia de Buenos Aires.<\/p>\n\n\n\n<p>El anuncio lo realiz\u00f3 el presidente del directorio de Toyota Motor Corporation, Takeshi Uchiyamada, luego de mantener una reuni\u00f3n con el presidente Mauricio Macri.<\/p>\n\n\n\n<p>Adem\u00e1s, el ejecutivo anunci\u00f3 que \u201cToyota fomentar\u00e1 el trabajo en conjunto entre Argentina y Jap\u00f3n en la b\u00fasqueda de nuevas oportunidades de negocio para la producci\u00f3n y exportaci\u00f3n de hidr\u00f3geno\u201d.<\/p>\n\n\n\n<p>Comunicado de prensa de Toyota Argentina:<\/p>\n\n\n\n<p><strong>Toyota traslada operaciones regionales desde Jap\u00f3n a la Argentina<\/strong><\/p>\n\n\n\n<p>Toyota anunci\u00f3 que trasladar\u00e1 las operaciones de su Divisi\u00f3n para Latinoam\u00e9rica y el Caribe (LACD, seg\u00fan sus siglas en ingl\u00e9s) desde Jap\u00f3n a la Argentina, generando nuevos puestos de trabajo en el pa\u00eds. La nueva oficina coordinar\u00e1 la operaci\u00f3n de 37 distribuidores independientes que tiene la compa\u00f1\u00eda en 36 pa\u00edses de la regi\u00f3n.<\/p>\n\n\n\n<p>La decisi\u00f3n de transferir algunas funciones de Tokio a su planta de Z\u00e1rate en la provincia de Buenos Aires, busca acompa\u00f1ar el crecimiento de la marca en la regi\u00f3n y desarrollar profesionales argentinos, con el objetivo de fortalecer toda su operaci\u00f3n.<\/p>\n\n\n\n<p>Durante el encuentro, el ejecutivo japon\u00e9s destac\u00f3 el fuerte liderazgo del mandatario argentino para fomentar pol\u00edticas de apertura comercial que promueven el desarrollo de la econom\u00eda.<\/p>\n\n\n\n<p>Uchiyamada tambi\u00e9n le agradeci\u00f3 al Presidente Macri las pol\u00edticas de incentivos para la incorporaci\u00f3n de veh\u00edculos con nuevas tecnolog\u00edas de propulsi\u00f3n, que le permitir\u00e1 a la Argentina avanzar en el desarrollo de un mercado m\u00e1s moderno y sustentable.<\/p>\n\n\n\n<p>A su vez, como miembro del Hydrogen Council (iniciativa global conformada por empresas de energ\u00eda, transporte e industria que busca desarrollar una econom\u00eda basada en el hidr\u00f3geno), el directivo afirm\u00f3 que Toyota fomentar\u00e1 el trabajo en conjunto entre Argentina y Jap\u00f3n en la b\u00fasqueda de nuevas oportunidades de negocio para la producci\u00f3n y exportaci\u00f3n de hidr\u00f3geno.<\/p>\n\n\n\n<p>Al finalizar la reuni\u00f3n, Uchiyamada agradeci\u00f3 al gobierno argentino, a sus clientes y empleados por la confianza en la marca, que le permiti\u00f3 a Toyota desarrollar negocios en el pa\u00eds durante los \u00faltimos 20 a\u00f1os. Prometi\u00f3 trabajar para \u201cseguir contribuyendo al crecimiento de la econom\u00eda y la sociedad argentina\u201d.<\/p>\n\n\n\n<p>Toyota opera en la regi\u00f3n de Latinoam\u00e9rica y el Caribe desde hace 66 a\u00f1os, con presencia en 39 pa\u00edses. Cuenta con 4 plantas de producci\u00f3n de veh\u00edculos, 2 plantas de autopartes y 1 Centro de Entrenamiento.<\/p>\n\n\n\n<p><strong>Fuente:&nbsp;<\/strong>Autoblog.com.ar&nbsp;<br><strong>Edit\u00f3:&nbsp;<\/strong>Noticias Z\u00e1rate Alerta<\/p>\n\n\n\n<p><br><\/p>\n","protected":false},"excerpt":{"rendered":"<p>Toyota Argentina gan\u00f3 desde hoy m\u00e1s poder dentro de la estructura de la marca japonesa al convertirse en la nueva sede de la automotriz para toda Latinoam\u00e9rica y el Caribe. De esta manera, las oficinas regionales \u2013que hasta ahora operaban en Jap\u00f3n- se trasladar\u00e1n a las oficinas y f\u00e1brica de la provincia de Buenos Aires. [&hellip;]<\/p>\n","protected":false},"author":4,"featured_media":57018,"comment_status":"open","ping_status":"closed","sticky":false,"template":"","format":"standard","meta":{"om_disable_all_campaigns":false,"_jetpack_memberships_contains_paid_content":false,"footnotes":""},"categories":[621],"tags":[],"class_list":["post-57017","post","type-post","status-publish","format-standard","has-post-thumbnail","hentry","category-regionales"],"aioseo_notices":[],"gutentor_comment":0,"jetpack_featured_media_url":"https:\/\/eldiariodesanpedro.com.ar\/sitio\/wp-content\/uploads\/2019\/07\/TOYOTA-ZARATE.jpg","jetpack_shortlink":"https:\/\/wp.me\/p6RhLt-ePD","jetpack_sharing_enabled":true,"_links":{"self":[{"href":"https:\/\/eldiariodesanpedro.com.ar\/sitio\/wp-json\/wp\/v2\/posts\/57017","targetHints":{"allow":["GET"]}}],"collection":[{"href":"https:\/\/eldiariodesanpedro.com.ar\/sitio\/wp-json\/wp\/v2\/posts"}],"about":[{"href":"https:\/\/eldiariodesanpedro.com.ar\/sitio\/wp-json\/wp\/v2\/types\/post"}],"author":[{"embeddable":true,"href":"https:\/\/eldiariodesanpedro.com.ar\/sitio\/wp-json\/wp\/v2\/users\/4"}],"replies":[{"embeddable":true,"href":"https:\/\/eldiariodesanpedro.com.ar\/sitio\/wp-json\/wp\/v2\/comments?post=57017"}],"version-history":[{"count":1,"href":"https:\/\/eldiariodesanpedro.com.ar\/sitio\/wp-json\/wp\/v2\/posts\/57017\/revisions"}],"predecessor-version":[{"id":57019,"href":"https:\/\/eldiariodesanpedro.com.ar\/sitio\/wp-json\/wp\/v2\/posts\/57017\/revisions\/57019"}],"wp:featuredmedia":[{"embeddable":true,"href":"https:\/\/eldiariodesanpedro.com.ar\/sitio\/wp-json\/wp\/v2\/media\/57018"}],"wp:attachment":[{"href":"https:\/\/eldiariodesanpedro.com.ar\/sitio\/wp-json\/wp\/v2\/media?parent=57017"}],"wp:term":[{"taxonomy":"category","embeddable":true,"href":"https:\/\/eldiariodesanpedro.com.ar\/sitio\/wp-json\/wp\/v2\/categories?post=57017"},{"taxonomy":"post_tag","embeddable":true,"href":"https:\/\/eldiariodesanpedro.com.ar\/sitio\/wp-json\/wp\/v2\/tags?post=57017"}],"curies":[{"name":"wp","href":"https:\/\/api.w.org\/{rel}","templated":true}]}}