{"id":57014,"date":"2019-07-27T10:53:03","date_gmt":"2019-07-27T13:53:03","guid":{"rendered":"https:\/\/eldiariodesanpedro.com.ar\/sitio\/?p=57014"},"modified":"2019-07-27T10:53:07","modified_gmt":"2019-07-27T13:53:07","slug":"campana-tambien-tendra-un-centro-municipal-de-gastroenterologia","status":"publish","type":"post","link":"https:\/\/eldiariodesanpedro.com.ar\/sitio\/campana-tambien-tendra-un-centro-municipal-de-gastroenterologia\/","title":{"rendered":"Campana tambi\u00e9n tendr\u00e1 un centro municipal de gastroenterolog\u00eda"},"content":{"rendered":"<!-- VideographyWP Plugin Message: Automatic video embedding prevented by plugin options. -->\n\n<p> La dependencia funcionar\u00e1 en el CAPS del barrio Siderca y surgi\u00f3 a ra\u00edz de la necesidad observada en la comunidad para atender las patolog\u00edas digestivas, tales como celiaqu\u00eda y c\u00e1ncer de colon. Esta semana se hab\u00eda anunciado la creaci\u00f3n de un Centro de Salud para la Mujer.\u00a0<\/p>\n\n\n\n<p>\n\nLos anuncios en materia de salud no se detienen y, este viernes, el Municipio anunci\u00f3 que Campana tendr\u00e1 un centro de gastroenterolog\u00eda que atender\u00e1 de manera gratuita a adultos y ni\u00f1os de la ciudad.&nbsp;<\/p>\n\n\n\n<p>Tras informar que en el barrio Ariel del Plata se construir\u00e1 un Centro de Atenci\u00f3n de Salud para la Mujer, esta nueva dependencia se ubicar\u00e1 en el Centro de Atenci\u00f3n Primaria de la Salud (CAPS) del barrio Siderca (Barletta 2138).&nbsp;&nbsp;<\/p>\n\n\n\n<p>La iniciativa es impulsada por la Secretar\u00eda de Salud a ra\u00edz de la necesidad observada en la comunidad para atender las patolog\u00edas digestivas, tales como celiaqu\u00eda y c\u00e1ncer de colon, entre otras.<\/p>\n\n\n\n<p>El centro contar\u00e1 con atenci\u00f3n y asistencia de pacientes con patolog\u00edas gastrointestinales y se gestionar\u00e1n los turnos con el segundo nivel de atenci\u00f3n en el caso de requerirse una endoscop\u00eda digestiva alta o baja para indicar un tratamiento, como as\u00ed tambi\u00e9n para poner en pr\u00e1ctica los programas para enfermos cel\u00edacos.<\/p>\n\n\n\n<p>Adem\u00e1s, se gestionar\u00e1n los anticuerpos y diagn\u00f3sticos de cel\u00edacos con el Hospital Municipal San Jos\u00e9. Este servicio antes no se brindaba, pero se obtuvo tras intensas gestiones del intendente Sebasti\u00e1n Abella, quien esta semana visit\u00f3 las instalaciones junto al secretario de Salud, Ernesto Meiraldi.<\/p>\n\n\n\n<p>Asimismo, se aplicar\u00e1 un programa de screaning para detectar tempranamente el c\u00e1ncer de colon, que en este momento en es el primer c\u00e1ncer que ataca a los adultos.<\/p>\n\n\n\n<p>Por otro lado, se podr\u00e1n asistir patolog\u00edas prevalentes ya sea, gastritis, la \u00falceras, enfermedades inflamatorias intestinales, colon irritable, y otras enfermedades frecuentes.<\/p>\n\n\n\n<p>En tanto que, en los ni\u00f1os, una gastroenter\u00f3loga infantil brindar\u00e1 asistencia e informaci\u00f3n sobre dolor abdominal recurrente, parasitosis intestinales y celiaqu\u00eda.<\/p>\n\n\n\n<p>\u00abDesde el 5 de agosto, el centro se destinar\u00e1 tambi\u00e9n a los vecinos que necesiten atenci\u00f3n de gastroenterolog\u00eda a fin de seguir mejorando la atenci\u00f3n m\u00e9dica de la ciudad\u00bb, detall\u00f3 Meiraldi. <\/p>\n\n\n\n<p>FUENTE: CAMPANA NOTICIAS<\/p>\n\n\n\n<p><br><\/p>\n","protected":false},"excerpt":{"rendered":"<p>La dependencia funcionar\u00e1 en el CAPS del barrio Siderca y surgi\u00f3 a ra\u00edz de la necesidad observada en la comunidad para atender las patolog\u00edas digestivas, tales como celiaqu\u00eda y c\u00e1ncer de colon. Esta semana se hab\u00eda anunciado la creaci\u00f3n de un Centro de Salud para la Mujer.\u00a0 Los anuncios en materia de salud no se [&hellip;]<\/p>\n","protected":false},"author":4,"featured_media":57015,"comment_status":"open","ping_status":"closed","sticky":false,"template":"","format":"standard","meta":{"om_disable_all_campaigns":false,"_jetpack_memberships_contains_paid_content":false,"footnotes":""},"categories":[621],"tags":[],"class_list":["post-57014","post","type-post","status-publish","format-standard","has-post-thumbnail","hentry","category-regionales"],"aioseo_notices":[],"gutentor_comment":0,"jetpack_featured_media_url":"https:\/\/eldiariodesanpedro.com.ar\/sitio\/wp-content\/uploads\/2019\/07\/20190726064602.jpg","jetpack_shortlink":"https:\/\/wp.me\/p6RhLt-ePA","jetpack_sharing_enabled":true,"_links":{"self":[{"href":"https:\/\/eldiariodesanpedro.com.ar\/sitio\/wp-json\/wp\/v2\/posts\/57014","targetHints":{"allow":["GET"]}}],"collection":[{"href":"https:\/\/eldiariodesanpedro.com.ar\/sitio\/wp-json\/wp\/v2\/posts"}],"about":[{"href":"https:\/\/eldiariodesanpedro.com.ar\/sitio\/wp-json\/wp\/v2\/types\/post"}],"author":[{"embeddable":true,"href":"https:\/\/eldiariodesanpedro.com.ar\/sitio\/wp-json\/wp\/v2\/users\/4"}],"replies":[{"embeddable":true,"href":"https:\/\/eldiariodesanpedro.com.ar\/sitio\/wp-json\/wp\/v2\/comments?post=57014"}],"version-history":[{"count":1,"href":"https:\/\/eldiariodesanpedro.com.ar\/sitio\/wp-json\/wp\/v2\/posts\/57014\/revisions"}],"predecessor-version":[{"id":57016,"href":"https:\/\/eldiariodesanpedro.com.ar\/sitio\/wp-json\/wp\/v2\/posts\/57014\/revisions\/57016"}],"wp:featuredmedia":[{"embeddable":true,"href":"https:\/\/eldiariodesanpedro.com.ar\/sitio\/wp-json\/wp\/v2\/media\/57015"}],"wp:attachment":[{"href":"https:\/\/eldiariodesanpedro.com.ar\/sitio\/wp-json\/wp\/v2\/media?parent=57014"}],"wp:term":[{"taxonomy":"category","embeddable":true,"href":"https:\/\/eldiariodesanpedro.com.ar\/sitio\/wp-json\/wp\/v2\/categories?post=57014"},{"taxonomy":"post_tag","embeddable":true,"href":"https:\/\/eldiariodesanpedro.com.ar\/sitio\/wp-json\/wp\/v2\/tags?post=57014"}],"curies":[{"name":"wp","href":"https:\/\/api.w.org\/{rel}","templated":true}]}}