{"id":57011,"date":"2019-07-27T10:50:59","date_gmt":"2019-07-27T13:50:59","guid":{"rendered":"https:\/\/eldiariodesanpedro.com.ar\/sitio\/?p=57011"},"modified":"2019-07-27T10:51:04","modified_gmt":"2019-07-27T13:51:04","slug":"campana-cuatro-hospitalizados-tras-un-choque-en-ruta-9","status":"publish","type":"post","link":"https:\/\/eldiariodesanpedro.com.ar\/sitio\/campana-cuatro-hospitalizados-tras-un-choque-en-ruta-9\/","title":{"rendered":"CAMPANA: Cuatro hospitalizados tras un choque en Ruta 9"},"content":{"rendered":"<!-- VideographyWP Plugin Message: Automatic video embedding prevented by plugin options. -->\n\n<p> Fue a la altura del km 78 mano a Capital, entre un Fiat Siena y un Chevrolet Agile. Como resultado del violento impacto, dos de los ocupantes resultaron con heridas de diferente consideraci\u00f3n y fueron trasladados junto a otros acompa\u00f1antes por m\u00f3viles del SAME al Hospital Municipal San Jos\u00e9, para su atenci\u00f3n.<\/p>\n\n\n\n<p>\n\nDos autos chocaron sobre el kil\u00f3metro 78, sentido a Capital, de la Ruta Panamericana.<\/p>\n\n\n\n<p>Seg\u00fan qued\u00f3 evidenciado en el lugar, el Fiat Siena fue embestido en el lateral izquierdo por un Chevrolet Agile que circulaba por la misma v\u00eda.&nbsp;<\/p>\n\n\n\n<p>El conductor del Siena, identificado como Gabriel Segismondo de 45 a\u00f1os, domiciliado en nuestra ciudad, fue trasladado por el movil 1 de SAME a cargo de la Dra. Vanesa Novero al Hospital local.<\/p>\n\n\n\n<p>Por otra parte, el Chevrolet Agile era conducido por Gustavo Cornador de 59 a\u00f1os, quien iba acompa\u00f1ado por su esposa Ana Laura y su hija Carolina, todos domiciliados en Adrogue.&nbsp;<\/p>\n\n\n\n<p>La familia fue derivada al nosocomio p\u00fablico por el movil 3 del same a cargo del doctor Rosi.<\/p>\n\n\n\n<p>Trabaj\u00f3 el m\u00f3vil del comando patrulla zona 7, a cargo de Aguirre, Polic\u00eda Vial y Gendarmeria quienes intentaron poner orden en el tr\u00e1fico. <\/p>\n\n\n\n<p>FUENTE: CAMPANA NOTICIAS<\/p>\n\n\n\n<p><br><\/p>\n","protected":false},"excerpt":{"rendered":"<p>Fue a la altura del km 78 mano a Capital, entre un Fiat Siena y un Chevrolet Agile. Como resultado del violento impacto, dos de los ocupantes resultaron con heridas de diferente consideraci\u00f3n y fueron trasladados junto a otros acompa\u00f1antes por m\u00f3viles del SAME al Hospital Municipal San Jos\u00e9, para su atenci\u00f3n. Dos autos chocaron [&hellip;]<\/p>\n","protected":false},"author":4,"featured_media":57012,"comment_status":"open","ping_status":"closed","sticky":false,"template":"","format":"standard","meta":{"om_disable_all_campaigns":false,"_jetpack_memberships_contains_paid_content":false,"footnotes":""},"categories":[621],"tags":[],"class_list":["post-57011","post","type-post","status-publish","format-standard","has-post-thumbnail","hentry","category-regionales"],"aioseo_notices":[],"gutentor_comment":0,"jetpack_featured_media_url":"https:\/\/eldiariodesanpedro.com.ar\/sitio\/wp-content\/uploads\/2019\/07\/20190727014522.jpg","jetpack_shortlink":"https:\/\/wp.me\/p6RhLt-ePx","jetpack_sharing_enabled":true,"_links":{"self":[{"href":"https:\/\/eldiariodesanpedro.com.ar\/sitio\/wp-json\/wp\/v2\/posts\/57011","targetHints":{"allow":["GET"]}}],"collection":[{"href":"https:\/\/eldiariodesanpedro.com.ar\/sitio\/wp-json\/wp\/v2\/posts"}],"about":[{"href":"https:\/\/eldiariodesanpedro.com.ar\/sitio\/wp-json\/wp\/v2\/types\/post"}],"author":[{"embeddable":true,"href":"https:\/\/eldiariodesanpedro.com.ar\/sitio\/wp-json\/wp\/v2\/users\/4"}],"replies":[{"embeddable":true,"href":"https:\/\/eldiariodesanpedro.com.ar\/sitio\/wp-json\/wp\/v2\/comments?post=57011"}],"version-history":[{"count":1,"href":"https:\/\/eldiariodesanpedro.com.ar\/sitio\/wp-json\/wp\/v2\/posts\/57011\/revisions"}],"predecessor-version":[{"id":57013,"href":"https:\/\/eldiariodesanpedro.com.ar\/sitio\/wp-json\/wp\/v2\/posts\/57011\/revisions\/57013"}],"wp:featuredmedia":[{"embeddable":true,"href":"https:\/\/eldiariodesanpedro.com.ar\/sitio\/wp-json\/wp\/v2\/media\/57012"}],"wp:attachment":[{"href":"https:\/\/eldiariodesanpedro.com.ar\/sitio\/wp-json\/wp\/v2\/media?parent=57011"}],"wp:term":[{"taxonomy":"category","embeddable":true,"href":"https:\/\/eldiariodesanpedro.com.ar\/sitio\/wp-json\/wp\/v2\/categories?post=57011"},{"taxonomy":"post_tag","embeddable":true,"href":"https:\/\/eldiariodesanpedro.com.ar\/sitio\/wp-json\/wp\/v2\/tags?post=57011"}],"curies":[{"name":"wp","href":"https:\/\/api.w.org\/{rel}","templated":true}]}}