{"id":5700,"date":"2016-07-03T20:49:10","date_gmt":"2016-07-03T23:49:10","guid":{"rendered":"https:\/\/eldiariodesanpedro.com.ar\/sitio\/?p=5700"},"modified":"2016-07-03T20:49:10","modified_gmt":"2016-07-03T23:49:10","slug":"citan-a-indagatoria-al-exintendente-barbieri","status":"publish","type":"post","link":"https:\/\/eldiariodesanpedro.com.ar\/sitio\/citan-a-indagatoria-al-exintendente-barbieri\/","title":{"rendered":"Citan a \u201cindagatoria\u201d al exintendente Barbieri"},"content":{"rendered":"<p><!-- VideographyWP Plugin Message: Automatic video embedding prevented by plugin options. --><br \/>\nFinalmente, la fiscal Viviana Ramos puso fecha para que el exintendente Mario Barbieri presente su declaraci\u00f3n indagatoria. El pr\u00f3ximo 7 de julio deber\u00e1 comparecer ante la Justicia por la denuncia en su contra por Administraci\u00f3n Fraudulenta, Estafa y Malversaci\u00f3n de Fondos en la construcci\u00f3n de las edificaciones de p\u00e9sima calidad, en la mayor\u00eda de los casos, o incompletas del barrio San Francisco.<br \/>\nCabe destacar que, adem\u00e1s, correr\u00e1n la misma suerte el exdirector de Viviendas y Escuelas, Arq. Flavio Peir\u00f3, y Mar\u00eda Alejandra Garibaldi, una de las propietarias de la empresa constructora de las viviendas.<br \/>\nHasta el momento nunca hab\u00edan sido indagados por la Justicia, puesto que las veces que fueron citados se excusaron y no se presentaron.<\/p>\n","protected":false},"excerpt":{"rendered":"<p>Finalmente, la fiscal Viviana Ramos puso fecha para que el exintendente Mario Barbieri presente su declaraci\u00f3n indagatoria. El pr\u00f3ximo 7 de julio deber\u00e1 comparecer ante la Justicia por la denuncia en su contra por Administraci\u00f3n Fraudulenta, Estafa y Malversaci\u00f3n de Fondos en la construcci\u00f3n de las edificaciones de p\u00e9sima calidad, en la mayor\u00eda de los [&hellip;]<\/p>\n","protected":false},"author":4,"featured_media":5701,"comment_status":"open","ping_status":"closed","sticky":false,"template":"","format":"standard","meta":{"om_disable_all_campaigns":false,"_jetpack_memberships_contains_paid_content":false,"footnotes":""},"categories":[101,2],"tags":[],"class_list":["post-5700","post","type-post","status-publish","format-standard","has-post-thumbnail","hentry","category-interes-general-locales","category-locales"],"aioseo_notices":[],"gutentor_comment":0,"jetpack_featured_media_url":"https:\/\/eldiariodesanpedro.com.ar\/sitio\/wp-content\/uploads\/2016\/07\/PAGINA-3.jpg","jetpack_shortlink":"https:\/\/wp.me\/p6RhLt-1tW","jetpack_sharing_enabled":true,"_links":{"self":[{"href":"https:\/\/eldiariodesanpedro.com.ar\/sitio\/wp-json\/wp\/v2\/posts\/5700","targetHints":{"allow":["GET"]}}],"collection":[{"href":"https:\/\/eldiariodesanpedro.com.ar\/sitio\/wp-json\/wp\/v2\/posts"}],"about":[{"href":"https:\/\/eldiariodesanpedro.com.ar\/sitio\/wp-json\/wp\/v2\/types\/post"}],"author":[{"embeddable":true,"href":"https:\/\/eldiariodesanpedro.com.ar\/sitio\/wp-json\/wp\/v2\/users\/4"}],"replies":[{"embeddable":true,"href":"https:\/\/eldiariodesanpedro.com.ar\/sitio\/wp-json\/wp\/v2\/comments?post=5700"}],"version-history":[{"count":1,"href":"https:\/\/eldiariodesanpedro.com.ar\/sitio\/wp-json\/wp\/v2\/posts\/5700\/revisions"}],"predecessor-version":[{"id":5702,"href":"https:\/\/eldiariodesanpedro.com.ar\/sitio\/wp-json\/wp\/v2\/posts\/5700\/revisions\/5702"}],"wp:featuredmedia":[{"embeddable":true,"href":"https:\/\/eldiariodesanpedro.com.ar\/sitio\/wp-json\/wp\/v2\/media\/5701"}],"wp:attachment":[{"href":"https:\/\/eldiariodesanpedro.com.ar\/sitio\/wp-json\/wp\/v2\/media?parent=5700"}],"wp:term":[{"taxonomy":"category","embeddable":true,"href":"https:\/\/eldiariodesanpedro.com.ar\/sitio\/wp-json\/wp\/v2\/categories?post=5700"},{"taxonomy":"post_tag","embeddable":true,"href":"https:\/\/eldiariodesanpedro.com.ar\/sitio\/wp-json\/wp\/v2\/tags?post=5700"}],"curies":[{"name":"wp","href":"https:\/\/api.w.org\/{rel}","templated":true}]}}