{"id":56992,"date":"2019-07-27T10:11:21","date_gmt":"2019-07-27T13:11:21","guid":{"rendered":"https:\/\/eldiariodesanpedro.com.ar\/sitio\/?p=56992"},"modified":"2019-07-27T10:11:25","modified_gmt":"2019-07-27T13:11:25","slug":"nuevas-becas-para-fomentar-el-deporte","status":"publish","type":"post","link":"https:\/\/eldiariodesanpedro.com.ar\/sitio\/nuevas-becas-para-fomentar-el-deporte\/","title":{"rendered":"Nuevas becas para fomentar el deporte"},"content":{"rendered":"<!-- VideographyWP Plugin Message: Automatic video embedding prevented by plugin options. -->\n\n<p>La Municipalidad de San Pedro y el Honorable Concejo Deliberante entregaron este viernes, becas a deportistas sampedrinos de proyecci\u00f3n nacional e internacional que se hab\u00edan postulado para acceder a este beneficio que les permite continuar con sus carreras, contando con un est\u00edmulo adicional desde el gobierno local, adem\u00e1s de fomentar la superaci\u00f3n personal y deportiva.<\/p>\n\n\n\n<p>El dinero de las becas es aportado por el Fondo Municipal de Promoci\u00f3n del Deporte, creado por Ordenanza en el HCD y las mismas son otorgadas con previa evaluaci\u00f3n de las presentaciones por la Comisi\u00f3n de Seguimiento de este fondo.<\/p>\n\n\n\n<p>Todo deportista sampedrino puede elevar la solicitud descargando el formulario correspondiente de la p\u00e1gina web\u00a0<a rel=\"noreferrer noopener\" href=\"http:\/\/www.sanpedro.gob.ar\/\" target=\"_blank\">www.sanpedro.gob.ar<\/a>\u00a0y en caso de cumplir con los requisitos que la Ordenanza establece, podr\u00e1 acceder a este beneficio. <\/p>\n\n\n\n<ul class=\"wp-block-gallery columns-3 is-cropped wp-block-gallery-1 is-layout-flex wp-block-gallery-is-layout-flex\"><li class=\"blocks-gallery-item\"><figure><img decoding=\"async\" data-attachment-id=\"56993\" data-permalink=\"https:\/\/eldiariodesanpedro.com.ar\/sitio\/nuevas-becas-para-fomentar-el-deporte\/1-113\/\" data-orig-file=\"https:\/\/eldiariodesanpedro.com.ar\/sitio\/wp-content\/uploads\/2019\/07\/1-9-e1564233031971.jpg\" data-orig-size=\"1800,1231\" data-comments-opened=\"1\" data-image-meta=\"{&quot;aperture&quot;:&quot;7.1&quot;,&quot;credit&quot;:&quot;&quot;,&quot;camera&quot;:&quot;Canon EOS 5D Mark III&quot;,&quot;caption&quot;:&quot;&quot;,&quot;created_timestamp&quot;:&quot;1571829922&quot;,&quot;copyright&quot;:&quot;&quot;,&quot;focal_length&quot;:&quot;24&quot;,&quot;iso&quot;:&quot;400&quot;,&quot;shutter_speed&quot;:&quot;0.005&quot;,&quot;title&quot;:&quot;&quot;,&quot;orientation&quot;:&quot;0&quot;}\" data-image-title=\"1\" data-image-description=\"\" data-image-caption=\"\" data-large-file=\"https:\/\/eldiariodesanpedro.com.ar\/sitio\/wp-content\/uploads\/2019\/07\/1-9-1024x700.jpg\" data-src=\"https:\/\/i0.wp.com\/eldiariodesanpedro.com.ar\/sitio\/wp-content\/uploads\/2019\/07\/1-9.jpg?fit=660%2C451\" alt=\"\" data-id=\"56993\" data-link=\"https:\/\/eldiariodesanpedro.com.ar\/sitio\/?attachment_id=56993\" class=\"wp-image-56993 lazyload\" src=\"data:image\/svg+xml;base64,PHN2ZyB3aWR0aD0iMSIgaGVpZ2h0PSIxIiB4bWxucz0iaHR0cDovL3d3dy53My5vcmcvMjAwMC9zdmciPjwvc3ZnPg==\" \/><\/figure><\/li><li class=\"blocks-gallery-item\"><figure><img decoding=\"async\" width=\"5686\" height=\"3791\" data-attachment-id=\"56994\" data-permalink=\"https:\/\/eldiariodesanpedro.com.ar\/sitio\/nuevas-becas-para-fomentar-el-deporte\/2-70\/\" data-orig-file=\"https:\/\/eldiariodesanpedro.com.ar\/sitio\/wp-content\/uploads\/2019\/07\/2-3.jpg\" data-orig-size=\"5686,3791\" data-comments-opened=\"1\" data-image-meta=\"{&quot;aperture&quot;:&quot;4&quot;,&quot;credit&quot;:&quot;&quot;,&quot;camera&quot;:&quot;Canon EOS 5D Mark III&quot;,&quot;caption&quot;:&quot;&quot;,&quot;created_timestamp&quot;:&quot;1571828688&quot;,&quot;copyright&quot;:&quot;&quot;,&quot;focal_length&quot;:&quot;58&quot;,&quot;iso&quot;:&quot;1600&quot;,&quot;shutter_speed&quot;:&quot;0.016666666666667&quot;,&quot;title&quot;:&quot;&quot;,&quot;orientation&quot;:&quot;0&quot;}\" data-image-title=\"2\" data-image-description=\"\" data-image-caption=\"\" data-large-file=\"https:\/\/eldiariodesanpedro.com.ar\/sitio\/wp-content\/uploads\/2019\/07\/2-3-1024x683.jpg\" data-src=\"https:\/\/i2.wp.com\/eldiariodesanpedro.com.ar\/sitio\/wp-content\/uploads\/2019\/07\/2-3.jpg?fit=660%2C440\" alt=\"\" data-id=\"56994\" data-link=\"https:\/\/eldiariodesanpedro.com.ar\/sitio\/?attachment_id=56994\" class=\"wp-image-56994 lazyload\" data-srcset=\"https:\/\/eldiariodesanpedro.com.ar\/sitio\/wp-content\/uploads\/2019\/07\/2-3.jpg 5686w, https:\/\/eldiariodesanpedro.com.ar\/sitio\/wp-content\/uploads\/2019\/07\/2-3-300x200.jpg 300w, https:\/\/eldiariodesanpedro.com.ar\/sitio\/wp-content\/uploads\/2019\/07\/2-3-768x512.jpg 768w, https:\/\/eldiariodesanpedro.com.ar\/sitio\/wp-content\/uploads\/2019\/07\/2-3-1024x683.jpg 1024w\" data-sizes=\"(max-width: 5686px) 100vw, 5686px\" src=\"data:image\/svg+xml;base64,PHN2ZyB3aWR0aD0iMSIgaGVpZ2h0PSIxIiB4bWxucz0iaHR0cDovL3d3dy53My5vcmcvMjAwMC9zdmciPjwvc3ZnPg==\" style=\"--smush-placeholder-width: 5686px; --smush-placeholder-aspect-ratio: 5686\/3791;\" \/><\/figure><\/li><li class=\"blocks-gallery-item\"><figure><img decoding=\"async\" width=\"5620\" height=\"3747\" data-attachment-id=\"56995\" data-permalink=\"https:\/\/eldiariodesanpedro.com.ar\/sitio\/nuevas-becas-para-fomentar-el-deporte\/4-44\/\" data-orig-file=\"https:\/\/eldiariodesanpedro.com.ar\/sitio\/wp-content\/uploads\/2019\/07\/4-1.jpg\" data-orig-size=\"5620,3747\" data-comments-opened=\"1\" data-image-meta=\"{&quot;aperture&quot;:&quot;4&quot;,&quot;credit&quot;:&quot;&quot;,&quot;camera&quot;:&quot;Canon EOS 5D Mark III&quot;,&quot;caption&quot;:&quot;&quot;,&quot;created_timestamp&quot;:&quot;1571828648&quot;,&quot;copyright&quot;:&quot;&quot;,&quot;focal_length&quot;:&quot;24&quot;,&quot;iso&quot;:&quot;1600&quot;,&quot;shutter_speed&quot;:&quot;0.016666666666667&quot;,&quot;title&quot;:&quot;&quot;,&quot;orientation&quot;:&quot;0&quot;}\" data-image-title=\"4\" data-image-description=\"\" data-image-caption=\"\" data-large-file=\"https:\/\/eldiariodesanpedro.com.ar\/sitio\/wp-content\/uploads\/2019\/07\/4-1-1024x683.jpg\" data-src=\"https:\/\/i1.wp.com\/eldiariodesanpedro.com.ar\/sitio\/wp-content\/uploads\/2019\/07\/4-1.jpg?fit=660%2C440\" alt=\"\" data-id=\"56995\" data-link=\"https:\/\/eldiariodesanpedro.com.ar\/sitio\/?attachment_id=56995\" class=\"wp-image-56995 lazyload\" data-srcset=\"https:\/\/eldiariodesanpedro.com.ar\/sitio\/wp-content\/uploads\/2019\/07\/4-1.jpg 5620w, https:\/\/eldiariodesanpedro.com.ar\/sitio\/wp-content\/uploads\/2019\/07\/4-1-300x200.jpg 300w, https:\/\/eldiariodesanpedro.com.ar\/sitio\/wp-content\/uploads\/2019\/07\/4-1-768x512.jpg 768w, https:\/\/eldiariodesanpedro.com.ar\/sitio\/wp-content\/uploads\/2019\/07\/4-1-1024x683.jpg 1024w\" data-sizes=\"(max-width: 5620px) 100vw, 5620px\" src=\"data:image\/svg+xml;base64,PHN2ZyB3aWR0aD0iMSIgaGVpZ2h0PSIxIiB4bWxucz0iaHR0cDovL3d3dy53My5vcmcvMjAwMC9zdmciPjwvc3ZnPg==\" style=\"--smush-placeholder-width: 5620px; --smush-placeholder-aspect-ratio: 5620\/3747;\" \/><\/figure><\/li><li class=\"blocks-gallery-item\"><figure><img decoding=\"async\" width=\"4814\" height=\"3342\" data-attachment-id=\"56996\" data-permalink=\"https:\/\/eldiariodesanpedro.com.ar\/sitio\/nuevas-becas-para-fomentar-el-deporte\/8-21\/\" data-orig-file=\"https:\/\/eldiariodesanpedro.com.ar\/sitio\/wp-content\/uploads\/2019\/07\/8-3.jpg\" data-orig-size=\"4814,3342\" data-comments-opened=\"1\" data-image-meta=\"{&quot;aperture&quot;:&quot;4&quot;,&quot;credit&quot;:&quot;&quot;,&quot;camera&quot;:&quot;Canon EOS 5D Mark III&quot;,&quot;caption&quot;:&quot;&quot;,&quot;created_timestamp&quot;:&quot;1571829323&quot;,&quot;copyright&quot;:&quot;&quot;,&quot;focal_length&quot;:&quot;28&quot;,&quot;iso&quot;:&quot;1600&quot;,&quot;shutter_speed&quot;:&quot;0.016666666666667&quot;,&quot;title&quot;:&quot;&quot;,&quot;orientation&quot;:&quot;0&quot;}\" data-image-title=\"8\" data-image-description=\"\" data-image-caption=\"\" data-large-file=\"https:\/\/eldiariodesanpedro.com.ar\/sitio\/wp-content\/uploads\/2019\/07\/8-3-1024x711.jpg\" data-src=\"https:\/\/i1.wp.com\/eldiariodesanpedro.com.ar\/sitio\/wp-content\/uploads\/2019\/07\/8-3.jpg?fit=660%2C458\" alt=\"\" data-id=\"56996\" data-link=\"https:\/\/eldiariodesanpedro.com.ar\/sitio\/?attachment_id=56996\" class=\"wp-image-56996 lazyload\" data-srcset=\"https:\/\/eldiariodesanpedro.com.ar\/sitio\/wp-content\/uploads\/2019\/07\/8-3.jpg 4814w, https:\/\/eldiariodesanpedro.com.ar\/sitio\/wp-content\/uploads\/2019\/07\/8-3-300x208.jpg 300w, https:\/\/eldiariodesanpedro.com.ar\/sitio\/wp-content\/uploads\/2019\/07\/8-3-768x533.jpg 768w, https:\/\/eldiariodesanpedro.com.ar\/sitio\/wp-content\/uploads\/2019\/07\/8-3-1024x711.jpg 1024w, https:\/\/eldiariodesanpedro.com.ar\/sitio\/wp-content\/uploads\/2019\/07\/8-3-392x272.jpg 392w, https:\/\/eldiariodesanpedro.com.ar\/sitio\/wp-content\/uploads\/2019\/07\/8-3-130x90.jpg 130w\" data-sizes=\"(max-width: 4814px) 100vw, 4814px\" src=\"data:image\/svg+xml;base64,PHN2ZyB3aWR0aD0iMSIgaGVpZ2h0PSIxIiB4bWxucz0iaHR0cDovL3d3dy53My5vcmcvMjAwMC9zdmciPjwvc3ZnPg==\" style=\"--smush-placeholder-width: 4814px; --smush-placeholder-aspect-ratio: 4814\/3342;\" \/><\/figure><\/li><\/ul>\n\n\n\n<p><br><\/p>\n","protected":false},"excerpt":{"rendered":"<p>La Municipalidad de San Pedro y el Honorable Concejo Deliberante entregaron este viernes, becas a deportistas sampedrinos de proyecci\u00f3n nacional e internacional que se hab\u00edan postulado para acceder a este beneficio que les permite continuar con sus carreras, contando con un est\u00edmulo adicional desde el gobierno local, adem\u00e1s de fomentar la superaci\u00f3n personal y deportiva. [&hellip;]<\/p>\n","protected":false},"author":4,"featured_media":56993,"comment_status":"open","ping_status":"closed","sticky":false,"template":"","format":"standard","meta":{"om_disable_all_campaigns":false,"_jetpack_memberships_contains_paid_content":false,"footnotes":""},"categories":[50,101,2],"tags":[],"class_list":["post-56992","post","type-post","status-publish","format-standard","has-post-thumbnail","hentry","category-destacadas","category-interes-general-locales","category-locales"],"aioseo_notices":[],"gutentor_comment":0,"jetpack_featured_media_url":"https:\/\/eldiariodesanpedro.com.ar\/sitio\/wp-content\/uploads\/2019\/07\/1-9-e1564233031971.jpg","jetpack_shortlink":"https:\/\/wp.me\/p6RhLt-ePe","jetpack_sharing_enabled":true,"_links":{"self":[{"href":"https:\/\/eldiariodesanpedro.com.ar\/sitio\/wp-json\/wp\/v2\/posts\/56992","targetHints":{"allow":["GET"]}}],"collection":[{"href":"https:\/\/eldiariodesanpedro.com.ar\/sitio\/wp-json\/wp\/v2\/posts"}],"about":[{"href":"https:\/\/eldiariodesanpedro.com.ar\/sitio\/wp-json\/wp\/v2\/types\/post"}],"author":[{"embeddable":true,"href":"https:\/\/eldiariodesanpedro.com.ar\/sitio\/wp-json\/wp\/v2\/users\/4"}],"replies":[{"embeddable":true,"href":"https:\/\/eldiariodesanpedro.com.ar\/sitio\/wp-json\/wp\/v2\/comments?post=56992"}],"version-history":[{"count":1,"href":"https:\/\/eldiariodesanpedro.com.ar\/sitio\/wp-json\/wp\/v2\/posts\/56992\/revisions"}],"predecessor-version":[{"id":56997,"href":"https:\/\/eldiariodesanpedro.com.ar\/sitio\/wp-json\/wp\/v2\/posts\/56992\/revisions\/56997"}],"wp:featuredmedia":[{"embeddable":true,"href":"https:\/\/eldiariodesanpedro.com.ar\/sitio\/wp-json\/wp\/v2\/media\/56993"}],"wp:attachment":[{"href":"https:\/\/eldiariodesanpedro.com.ar\/sitio\/wp-json\/wp\/v2\/media?parent=56992"}],"wp:term":[{"taxonomy":"category","embeddable":true,"href":"https:\/\/eldiariodesanpedro.com.ar\/sitio\/wp-json\/wp\/v2\/categories?post=56992"},{"taxonomy":"post_tag","embeddable":true,"href":"https:\/\/eldiariodesanpedro.com.ar\/sitio\/wp-json\/wp\/v2\/tags?post=56992"}],"curies":[{"name":"wp","href":"https:\/\/api.w.org\/{rel}","templated":true}]}}