{"id":56990,"date":"2019-07-27T09:57:01","date_gmt":"2019-07-27T12:57:01","guid":{"rendered":"https:\/\/eldiariodesanpedro.com.ar\/sitio\/?p=56990"},"modified":"2019-07-27T09:57:05","modified_gmt":"2019-07-27T12:57:05","slug":"aprehensiones-con-captura-activa-y-resistencia-a-la-autoridad","status":"publish","type":"post","link":"https:\/\/eldiariodesanpedro.com.ar\/sitio\/aprehensiones-con-captura-activa-y-resistencia-a-la-autoridad\/","title":{"rendered":"Aprehensiones con captura activa y resistencia a la autoridad"},"content":{"rendered":"<!-- VideographyWP Plugin Message: Automatic video embedding prevented by plugin options. -->\n\n<p>En el marco de operativos de saturacion y nocturnidad se han realizado por la noche del viernes y madrugada de este sabado distintas aprehensiones tras cursar datos por identificaci\u00f3n de personas en el sistema inform\u00e1tico policial, algunos sujetos se resistieron al procedimiento y fueron reducidos; tambi\u00e9n por tenencia de marihuana.  <\/p>\n\n\n\n<p>Primeramente casi por la media noche del viernes, los efectivos proceden a identificar a un sujeto en calle Miguel Porta al 2500,  quien registra tener pedido de Captura Activo, por una causa de \u00abrobo calificado por efraccion\u00bb, solicitado por el Tribunal Criminal 4 de Quilmes. Una vez alojado en la dependencia local, a consulta con el magistrado dispone notificaci\u00f3n comparendo, recaudos legales y posterior libertad. <\/p>\n\n\n\n<p>Luego por calle Bottaro al 400 se procede a la aprehensi\u00f3n de un hombre mayor de edad, quien tras su identificaci\u00f3n tra\u00eda entre sus ropas dos envoltorios de nylon, conteniendo marihuana y un cigarrillo semicombustionado con misma sustancia. Es trasladado a la comisar\u00eda, dispone recaudos legales, \u00abinfracci\u00f3n a la Ley 23737\u00bb, interviniendo la UFI N\u00ba11.<\/p>\n\n\n\n<p>Por la madrugada, en intersecci\u00f3n de las calles Bottaro y Albandea se aprehende a un masculino y una femenina, los dos mayores de edad, <br>quienes se hallaban ocasionando disturbios, no deponiendo de su actitud e intentando agredir al personal policial. <\/p>\n\n\n\n<p>Tras reducirlos y cursar sus datos en el sistema informatico  para su identificacion, la femenina registra pedido de captura activo por averiguacion de paradero pedido por la UFI N\u00ba8 de Baradero.<\/p>\n\n\n\n<p>Una vez alojados en la comisar\u00eda local  se dispone notificaci\u00f3n comparendo, recaudos legales y consultado con el magistrado posterior libertad para ambos. <\/p>\n\n\n\n<p>En intersecci\u00f3n de Mitre y Tres de Febrero, se aprehende a un masculino mayor de edad quien se hallaba alterando orden p\u00fablico, haciendo caso omiso a \u00f3rdenes del  personal policial, intentando agredir a los mismos quien es reducido y trasladado a la dependencia; tambi\u00e9n en calle Pellegrini y Ruiz Moreno es aprehendido otro sujeto mayor de edad quien tenia misma actitud en estado de ebriedad.<br><\/p>\n","protected":false},"excerpt":{"rendered":"<p>En el marco de operativos de saturacion y nocturnidad se han realizado por la noche del viernes y madrugada de este sabado distintas aprehensiones tras cursar datos por identificaci\u00f3n de personas en el sistema inform\u00e1tico policial, algunos sujetos se resistieron al procedimiento y fueron reducidos; tambi\u00e9n por tenencia de marihuana. Primeramente casi por la media [&hellip;]<\/p>\n","protected":false},"author":4,"featured_media":56528,"comment_status":"open","ping_status":"closed","sticky":false,"template":"","format":"standard","meta":{"om_disable_all_campaigns":false,"_jetpack_memberships_contains_paid_content":false,"footnotes":""},"categories":[2,103],"tags":[],"class_list":["post-56990","post","type-post","status-publish","format-standard","has-post-thumbnail","hentry","category-locales","category-policiales-locales"],"aioseo_notices":[],"gutentor_comment":0,"jetpack_featured_media_url":"https:\/\/eldiariodesanpedro.com.ar\/sitio\/wp-content\/uploads\/2019\/07\/patrulla66-1024x680.jpg","jetpack_shortlink":"https:\/\/wp.me\/p6RhLt-ePc","jetpack_sharing_enabled":true,"_links":{"self":[{"href":"https:\/\/eldiariodesanpedro.com.ar\/sitio\/wp-json\/wp\/v2\/posts\/56990","targetHints":{"allow":["GET"]}}],"collection":[{"href":"https:\/\/eldiariodesanpedro.com.ar\/sitio\/wp-json\/wp\/v2\/posts"}],"about":[{"href":"https:\/\/eldiariodesanpedro.com.ar\/sitio\/wp-json\/wp\/v2\/types\/post"}],"author":[{"embeddable":true,"href":"https:\/\/eldiariodesanpedro.com.ar\/sitio\/wp-json\/wp\/v2\/users\/4"}],"replies":[{"embeddable":true,"href":"https:\/\/eldiariodesanpedro.com.ar\/sitio\/wp-json\/wp\/v2\/comments?post=56990"}],"version-history":[{"count":1,"href":"https:\/\/eldiariodesanpedro.com.ar\/sitio\/wp-json\/wp\/v2\/posts\/56990\/revisions"}],"predecessor-version":[{"id":56991,"href":"https:\/\/eldiariodesanpedro.com.ar\/sitio\/wp-json\/wp\/v2\/posts\/56990\/revisions\/56991"}],"wp:featuredmedia":[{"embeddable":true,"href":"https:\/\/eldiariodesanpedro.com.ar\/sitio\/wp-json\/wp\/v2\/media\/56528"}],"wp:attachment":[{"href":"https:\/\/eldiariodesanpedro.com.ar\/sitio\/wp-json\/wp\/v2\/media?parent=56990"}],"wp:term":[{"taxonomy":"category","embeddable":true,"href":"https:\/\/eldiariodesanpedro.com.ar\/sitio\/wp-json\/wp\/v2\/categories?post=56990"},{"taxonomy":"post_tag","embeddable":true,"href":"https:\/\/eldiariodesanpedro.com.ar\/sitio\/wp-json\/wp\/v2\/tags?post=56990"}],"curies":[{"name":"wp","href":"https:\/\/api.w.org\/{rel}","templated":true}]}}