{"id":56979,"date":"2019-07-26T11:28:43","date_gmt":"2019-07-26T14:28:43","guid":{"rendered":"https:\/\/eldiariodesanpedro.com.ar\/sitio\/?p=56979"},"modified":"2019-07-26T11:28:47","modified_gmt":"2019-07-26T14:28:47","slug":"se-produjeron-38-incendios-de-vehiculos-en-lo-que-va-del-ano","status":"publish","type":"post","link":"https:\/\/eldiariodesanpedro.com.ar\/sitio\/se-produjeron-38-incendios-de-vehiculos-en-lo-que-va-del-ano\/","title":{"rendered":"Se produjeron 38 incendios de vehiculos en lo que va del a\u00f1o"},"content":{"rendered":"<!-- VideographyWP Plugin Message: Automatic video embedding prevented by plugin options. -->\n\n<p>Los\u00a0incendios de veh\u00edculo<strong>\u00a0<\/strong>han pasado constituir el tipo de intervenci\u00f3n m\u00e1s numeroso de los bomberos del Consorcio en materia de tr\u00e1fico, este a\u00f1o se produjeron 38 segun la estadistica.<\/p>\n\n\n\n<p>Un \u00faltimo siniestro ocurri\u00f3 este jueves por la noche, sobre calle Mateo Sbert al 400.<\/p>\n\n\n\n<p>Su propietario de 57 a\u00f1os de edad dejo el vehiculo estacionado en la v\u00eda p\u00fablica frente a su domicilio, cuando cerca de las 23 horas, de repente, comienza a arder.<\/p>\n\n\n\n<p>Inmediatamente, telefonean a Emergencias y una dotaci\u00f3n de bomberos se hace presente en el lugar. Las tareas de extinci\u00f3n concluyen, obteniendo como resultado la p\u00e9rdida total del vehiculo marca Dodge, modelo 1500, color blanco, patente RGI511.<\/p>\n\n\n\n<p>Las causas m\u00e1s comunes responden a dos cuestiones. Una, de origen el\u00e9ctrico. El cortocircuito en el sistema. Otra, relacionada con una posible fuga de combustible sobre la parte caliente del motor, que produce el fuego. No son las \u00fanicas.<\/p>\n\n\n\n<p>Pero, varios hechos de quema de autom\u00f3viles preocupa porque hay caracter\u00edsticas que muestran que los incendios se produjeron a prop\u00f3sito.\u00a0<\/p>\n\n\n\n<p><br><br><br><br><\/p>\n\n\n\n<p><br><\/p>\n\n\n\n<p><br><\/p>\n","protected":false},"excerpt":{"rendered":"<p>Los\u00a0incendios de veh\u00edculo\u00a0han pasado constituir el tipo de intervenci\u00f3n m\u00e1s numeroso de los bomberos del Consorcio en materia de tr\u00e1fico, este a\u00f1o se produjeron 38 segun la estadistica. Un \u00faltimo siniestro ocurri\u00f3 este jueves por la noche, sobre calle Mateo Sbert al 400. Su propietario de 57 a\u00f1os de edad dejo el vehiculo estacionado en [&hellip;]<\/p>\n","protected":false},"author":4,"featured_media":56980,"comment_status":"open","ping_status":"closed","sticky":false,"template":"","format":"standard","meta":{"om_disable_all_campaigns":false,"_jetpack_memberships_contains_paid_content":false,"footnotes":""},"categories":[50,2,103],"tags":[],"class_list":["post-56979","post","type-post","status-publish","format-standard","has-post-thumbnail","hentry","category-destacadas","category-locales","category-policiales-locales"],"aioseo_notices":[],"gutentor_comment":0,"jetpack_featured_media_url":"https:\/\/eldiariodesanpedro.com.ar\/sitio\/wp-content\/uploads\/2019\/07\/WhatsApp-Image-2019-07-26-at-11.06.41-AM.jpeg","jetpack_shortlink":"https:\/\/wp.me\/p6RhLt-eP1","jetpack_sharing_enabled":true,"_links":{"self":[{"href":"https:\/\/eldiariodesanpedro.com.ar\/sitio\/wp-json\/wp\/v2\/posts\/56979","targetHints":{"allow":["GET"]}}],"collection":[{"href":"https:\/\/eldiariodesanpedro.com.ar\/sitio\/wp-json\/wp\/v2\/posts"}],"about":[{"href":"https:\/\/eldiariodesanpedro.com.ar\/sitio\/wp-json\/wp\/v2\/types\/post"}],"author":[{"embeddable":true,"href":"https:\/\/eldiariodesanpedro.com.ar\/sitio\/wp-json\/wp\/v2\/users\/4"}],"replies":[{"embeddable":true,"href":"https:\/\/eldiariodesanpedro.com.ar\/sitio\/wp-json\/wp\/v2\/comments?post=56979"}],"version-history":[{"count":1,"href":"https:\/\/eldiariodesanpedro.com.ar\/sitio\/wp-json\/wp\/v2\/posts\/56979\/revisions"}],"predecessor-version":[{"id":56981,"href":"https:\/\/eldiariodesanpedro.com.ar\/sitio\/wp-json\/wp\/v2\/posts\/56979\/revisions\/56981"}],"wp:featuredmedia":[{"embeddable":true,"href":"https:\/\/eldiariodesanpedro.com.ar\/sitio\/wp-json\/wp\/v2\/media\/56980"}],"wp:attachment":[{"href":"https:\/\/eldiariodesanpedro.com.ar\/sitio\/wp-json\/wp\/v2\/media?parent=56979"}],"wp:term":[{"taxonomy":"category","embeddable":true,"href":"https:\/\/eldiariodesanpedro.com.ar\/sitio\/wp-json\/wp\/v2\/categories?post=56979"},{"taxonomy":"post_tag","embeddable":true,"href":"https:\/\/eldiariodesanpedro.com.ar\/sitio\/wp-json\/wp\/v2\/tags?post=56979"}],"curies":[{"name":"wp","href":"https:\/\/api.w.org\/{rel}","templated":true}]}}