{"id":56973,"date":"2019-07-26T10:56:07","date_gmt":"2019-07-26T13:56:07","guid":{"rendered":"https:\/\/eldiariodesanpedro.com.ar\/sitio\/?p=56973"},"modified":"2019-07-26T10:56:11","modified_gmt":"2019-07-26T13:56:11","slug":"aprehendido-por-captura-activa","status":"publish","type":"post","link":"https:\/\/eldiariodesanpedro.com.ar\/sitio\/aprehendido-por-captura-activa\/","title":{"rendered":"Aprehendido por captura activa"},"content":{"rendered":"<!-- VideographyWP Plugin Message: Automatic video embedding prevented by plugin options. -->\n\n<p>En el marco de operativos como se vienen realizando d\u00eda tras d\u00eda, personal policial procedi\u00f3 a la aprehensi\u00f3n de un sujeto quien registraba pedido de captura activa.<\/p>\n\n\n\n<p>El masculino de 27 a\u00f1os de edad, fue interceptado en intersecci\u00f3n de las calles 11 de Septiembre y Bozzano, quien al cursar sus datos en el sistema inform\u00e1tico policial para su identificaci\u00f3n, registra pedido de captura activo con a\u00f1o 2017, causa 5118,  por robo calificado; solicitado por Tribunal Criminal N\u00ba1 de San Nicolas.<\/p>\n\n\n\n<p>Permanece el la dependencia local a la espera de la intervenci\u00f3n de la justicia.<\/p>\n\n\n\n<p><br><\/p>\n","protected":false},"excerpt":{"rendered":"<p>En el marco de operativos como se vienen realizando d\u00eda tras d\u00eda, personal policial procedi\u00f3 a la aprehensi\u00f3n de un sujeto quien registraba pedido de captura activa. El masculino de 27 a\u00f1os de edad, fue interceptado en intersecci\u00f3n de las calles 11 de Septiembre y Bozzano, quien al cursar sus datos en el sistema inform\u00e1tico [&hellip;]<\/p>\n","protected":false},"author":4,"featured_media":56974,"comment_status":"open","ping_status":"closed","sticky":false,"template":"","format":"standard","meta":{"om_disable_all_campaigns":false,"_jetpack_memberships_contains_paid_content":false,"footnotes":""},"categories":[2,103],"tags":[],"class_list":["post-56973","post","type-post","status-publish","format-standard","has-post-thumbnail","hentry","category-locales","category-policiales-locales"],"aioseo_notices":[],"gutentor_comment":0,"jetpack_featured_media_url":"https:\/\/eldiariodesanpedro.com.ar\/sitio\/wp-content\/uploads\/2019\/07\/WhatsApp-Image-2019-07-26-at-10.12.09-AM.jpeg","jetpack_shortlink":"https:\/\/wp.me\/p6RhLt-eOV","jetpack_sharing_enabled":true,"_links":{"self":[{"href":"https:\/\/eldiariodesanpedro.com.ar\/sitio\/wp-json\/wp\/v2\/posts\/56973","targetHints":{"allow":["GET"]}}],"collection":[{"href":"https:\/\/eldiariodesanpedro.com.ar\/sitio\/wp-json\/wp\/v2\/posts"}],"about":[{"href":"https:\/\/eldiariodesanpedro.com.ar\/sitio\/wp-json\/wp\/v2\/types\/post"}],"author":[{"embeddable":true,"href":"https:\/\/eldiariodesanpedro.com.ar\/sitio\/wp-json\/wp\/v2\/users\/4"}],"replies":[{"embeddable":true,"href":"https:\/\/eldiariodesanpedro.com.ar\/sitio\/wp-json\/wp\/v2\/comments?post=56973"}],"version-history":[{"count":1,"href":"https:\/\/eldiariodesanpedro.com.ar\/sitio\/wp-json\/wp\/v2\/posts\/56973\/revisions"}],"predecessor-version":[{"id":56975,"href":"https:\/\/eldiariodesanpedro.com.ar\/sitio\/wp-json\/wp\/v2\/posts\/56973\/revisions\/56975"}],"wp:featuredmedia":[{"embeddable":true,"href":"https:\/\/eldiariodesanpedro.com.ar\/sitio\/wp-json\/wp\/v2\/media\/56974"}],"wp:attachment":[{"href":"https:\/\/eldiariodesanpedro.com.ar\/sitio\/wp-json\/wp\/v2\/media?parent=56973"}],"wp:term":[{"taxonomy":"category","embeddable":true,"href":"https:\/\/eldiariodesanpedro.com.ar\/sitio\/wp-json\/wp\/v2\/categories?post=56973"},{"taxonomy":"post_tag","embeddable":true,"href":"https:\/\/eldiariodesanpedro.com.ar\/sitio\/wp-json\/wp\/v2\/tags?post=56973"}],"curies":[{"name":"wp","href":"https:\/\/api.w.org\/{rel}","templated":true}]}}