{"id":56970,"date":"2019-07-26T10:47:33","date_gmt":"2019-07-26T13:47:33","guid":{"rendered":"https:\/\/eldiariodesanpedro.com.ar\/sitio\/?p=56970"},"modified":"2019-07-26T10:47:37","modified_gmt":"2019-07-26T13:47:37","slug":"ramallo-denuncian-abuso-policial-hacia-jovenes-de-ramallo","status":"publish","type":"post","link":"https:\/\/eldiariodesanpedro.com.ar\/sitio\/ramallo-denuncian-abuso-policial-hacia-jovenes-de-ramallo\/","title":{"rendered":"RAMALLO | Denuncian abuso policial hacia j\u00f3venes de Ramallo"},"content":{"rendered":"<!-- VideographyWP Plugin Message: Automatic video embedding prevented by plugin options. -->\n\n<p>\n\nEste fin de semana se pudieron observar varios comentarios en las redes sociales sobre distintas situaciones donde efectivos de las fuerzas de seguridad interceptan a j\u00f3venes para solicitarles DNI o revisarle las pertenencias.<\/p>\n\n\n\n<p>El caso m\u00e1s llamativo fue la denuncia p\u00fablica de la directora de la Escuela Media N\u00ba 1 de Villa Ramallo,&nbsp;Mar\u00eda Jos\u00e9 S\u00e1nchez, quien en car\u00e1cter de mam\u00e1 de uno de los chicos, cont\u00f3 que el s\u00e1bado por la tarde su hijo y un par de amigos hab\u00edan ido a pescar cuando la polic\u00eda de Villa Ramallo los par\u00f3.<\/p>\n\n\n\n<p>Escribi\u00f3 en las redes: \u201c\u2026los revisaron y los detuvieron en la v\u00eda p\u00fablica por un tiempo, que quiz\u00e1s no llegue a precisar porque hay tiempos que pueden durar siglos cuando la experiencia que se vive es tan desagradable. \u00bfQu\u00e9 es esto?, interrog\u00f3 uno de los polic\u00edas, resaltadores que uso en la facultad, respondi\u00f3 mi hijo. Lo miraron con otros ojos, y me atrevo a decir con m\u00e1s respeto, porque adem\u00e1s no llevaba gorra como sus dos amigos. Sus amigos hacen changas, est\u00e1n finalizando la secundaria, tienen grandes sue\u00f1os y hermosos valores. El problema est\u00e1 en los adultos que, debiendo ser sus mejores referentes, se encargan de desilusionarlos, porque cuando se mira a los j\u00f3venes con desconfianza, con prejuicios, con falta de empat\u00eda, es cuando logramos que no se sientan valorados, ni escuchados, ni respetados. La empat\u00eda es necesaria, nuestros j\u00f3venes son personas con derechos. No los atropellemos, trat\u00e9moslo con el respeto y la amabilidad que las instituciones proclaman tener\u2026\u201d.<\/p>\n\n\n\n<p>No es la primera vez que se denuncian casos de abuso policial por parte de los uniformados, seg\u00fan los relevamientos es una pr\u00e1ctica constante. En esta oportunidad las denuncias p\u00fablicas llegaron al seno de la comunidad educativa que hizo conocer su preocupaci\u00f3n.<\/p>\n\n\n\n<p>Fuente: Ramallo Ciudad<\/p>\n","protected":false},"excerpt":{"rendered":"<p>Este fin de semana se pudieron observar varios comentarios en las redes sociales sobre distintas situaciones donde efectivos de las fuerzas de seguridad interceptan a j\u00f3venes para solicitarles DNI o revisarle las pertenencias. El caso m\u00e1s llamativo fue la denuncia p\u00fablica de la directora de la Escuela Media N\u00ba 1 de Villa Ramallo,&nbsp;Mar\u00eda Jos\u00e9 S\u00e1nchez, [&hellip;]<\/p>\n","protected":false},"author":4,"featured_media":0,"comment_status":"open","ping_status":"closed","sticky":false,"template":"","format":"standard","meta":{"om_disable_all_campaigns":false,"_jetpack_memberships_contains_paid_content":false,"footnotes":""},"categories":[2],"tags":[],"class_list":["post-56970","post","type-post","status-publish","format-standard","hentry","category-locales"],"aioseo_notices":[],"gutentor_comment":0,"jetpack_featured_media_url":"","jetpack_shortlink":"https:\/\/wp.me\/p6RhLt-eOS","jetpack_sharing_enabled":true,"_links":{"self":[{"href":"https:\/\/eldiariodesanpedro.com.ar\/sitio\/wp-json\/wp\/v2\/posts\/56970","targetHints":{"allow":["GET"]}}],"collection":[{"href":"https:\/\/eldiariodesanpedro.com.ar\/sitio\/wp-json\/wp\/v2\/posts"}],"about":[{"href":"https:\/\/eldiariodesanpedro.com.ar\/sitio\/wp-json\/wp\/v2\/types\/post"}],"author":[{"embeddable":true,"href":"https:\/\/eldiariodesanpedro.com.ar\/sitio\/wp-json\/wp\/v2\/users\/4"}],"replies":[{"embeddable":true,"href":"https:\/\/eldiariodesanpedro.com.ar\/sitio\/wp-json\/wp\/v2\/comments?post=56970"}],"version-history":[{"count":1,"href":"https:\/\/eldiariodesanpedro.com.ar\/sitio\/wp-json\/wp\/v2\/posts\/56970\/revisions"}],"predecessor-version":[{"id":56971,"href":"https:\/\/eldiariodesanpedro.com.ar\/sitio\/wp-json\/wp\/v2\/posts\/56970\/revisions\/56971"}],"wp:attachment":[{"href":"https:\/\/eldiariodesanpedro.com.ar\/sitio\/wp-json\/wp\/v2\/media?parent=56970"}],"wp:term":[{"taxonomy":"category","embeddable":true,"href":"https:\/\/eldiariodesanpedro.com.ar\/sitio\/wp-json\/wp\/v2\/categories?post=56970"},{"taxonomy":"post_tag","embeddable":true,"href":"https:\/\/eldiariodesanpedro.com.ar\/sitio\/wp-json\/wp\/v2\/tags?post=56970"}],"curies":[{"name":"wp","href":"https:\/\/api.w.org\/{rel}","templated":true}]}}