{"id":56965,"date":"2019-07-26T10:45:19","date_gmt":"2019-07-26T13:45:19","guid":{"rendered":"https:\/\/eldiariodesanpedro.com.ar\/sitio\/?p=56965"},"modified":"2019-07-26T10:45:24","modified_gmt":"2019-07-26T13:45:24","slug":"campana-se-presento-una-app-que-informa-el-recorrido-de-los-colectivos-locales-en-tiempo-real","status":"publish","type":"post","link":"https:\/\/eldiariodesanpedro.com.ar\/sitio\/campana-se-presento-una-app-que-informa-el-recorrido-de-los-colectivos-locales-en-tiempo-real\/","title":{"rendered":"CAMPANA | Se present\u00f3 una app que informa el recorrido de los colectivos locales en tiempo real"},"content":{"rendered":"<!-- VideographyWP Plugin Message: Automatic video embedding prevented by plugin options. -->\n\n<p>El intendente Sebasti\u00e1n Abella lanz\u00f3 este jueves la nueva aplicaci\u00f3n para celulares \u201cPr\u00f3ximo Bus Campana\u201d que les permitir\u00e1 a los vecinos saber el recorrido del colectivo en tiempo real.<\/p>\n\n\n\n<p>Esta novedosa herramienta m\u00f3vil fue creada por el Municipio -a trav\u00e9s de las Secretar\u00edas de Modernizaci\u00f3n y de Seguridad- a los efectos de seguir mejorando la forma de viajar de los campanenses.<\/p>\n\n\n\n<p>La plataforma, que es parte del nuevo sistema de monitoreo de colectivos que implement\u00f3 el Municipio, permite ver el recorrido en el mapa y las distintas paradas que se encuentran ubicadas a lo largo y ancho de la ciudad.<\/p>\n\n\n\n<p>Los usuarios del transporte p\u00fablico pueden descargar la aplicaci\u00f3n en sus tel\u00e9fonos celulares de manera gratuita desde el Play Store (para tel\u00e9fonos con sistema operativo Android), mientras que en App Store (iPhone) estar\u00e1 disponible en las pr\u00f3ximas semanas.<\/p>\n\n\n\n<p>Acompa\u00f1ado por la jefa de Gabinete, Mariela Schvartz, el jefe comunal enfatiz\u00f3 que \u201cesta ser\u00e1 una herramienta muy \u00fatil para los vecinos que utilizan el colectivo ya que les garantizar\u00e1 comodidad, puntualidad y m\u00e1s seguridad\u201d.<\/p>\n\n\n\n<p>Por su parte, la secretaria de Modernizaci\u00f3n, Marina S\u00e1nchez, indic\u00f3 que \u201ccon la nueva aplicaci\u00f3n seguimos incluyendo tecnolog\u00eda al servicio de los vecinos a fin de seguir mejorando su calidad de vida\u201d.<\/p>\n\n\n\n<p>Y su par de Seguridad, Abel Milano, anticip\u00f3 que a trav\u00e9s de la misma se podr\u00e1 recibir mensajes de alerta por parte del Observatorio Vial en caso que haya cortes de calle, desv\u00edo de recorrido o noticia que sea importante informar.<\/p>\n\n\n\n<p>Para concluir, el director General de Tr\u00e1nsito y Transporte, Alejandro Barja, indic\u00f3 que por el momento solo se puede anticipar el tiempo de llegada de la l\u00ednea local \u201c6 de Julio\u201d y que pronto se visualizar\u00e1 la de \u201c3 de Julio\u201d y 505.<\/p>\n","protected":false},"excerpt":{"rendered":"<p>El intendente Sebasti\u00e1n Abella lanz\u00f3 este jueves la nueva aplicaci\u00f3n para celulares \u201cPr\u00f3ximo Bus Campana\u201d que les permitir\u00e1 a los vecinos saber el recorrido del colectivo en tiempo real. Esta novedosa herramienta m\u00f3vil fue creada por el Municipio -a trav\u00e9s de las Secretar\u00edas de Modernizaci\u00f3n y de Seguridad- a los efectos de seguir mejorando la [&hellip;]<\/p>\n","protected":false},"author":4,"featured_media":56968,"comment_status":"open","ping_status":"closed","sticky":false,"template":"","format":"standard","meta":{"om_disable_all_campaigns":false,"_jetpack_memberships_contains_paid_content":false,"footnotes":""},"categories":[621],"tags":[],"class_list":["post-56965","post","type-post","status-publish","format-standard","has-post-thumbnail","hentry","category-regionales"],"aioseo_notices":[],"gutentor_comment":0,"jetpack_featured_media_url":"https:\/\/eldiariodesanpedro.com.ar\/sitio\/wp-content\/uploads\/2019\/07\/La-app-es-una-nueva-herramienta-con-la-que-cuentan-los-pasajeros-de-transporte-publico-696x464.jpeg","jetpack_shortlink":"https:\/\/wp.me\/p6RhLt-eON","jetpack_sharing_enabled":true,"_links":{"self":[{"href":"https:\/\/eldiariodesanpedro.com.ar\/sitio\/wp-json\/wp\/v2\/posts\/56965","targetHints":{"allow":["GET"]}}],"collection":[{"href":"https:\/\/eldiariodesanpedro.com.ar\/sitio\/wp-json\/wp\/v2\/posts"}],"about":[{"href":"https:\/\/eldiariodesanpedro.com.ar\/sitio\/wp-json\/wp\/v2\/types\/post"}],"author":[{"embeddable":true,"href":"https:\/\/eldiariodesanpedro.com.ar\/sitio\/wp-json\/wp\/v2\/users\/4"}],"replies":[{"embeddable":true,"href":"https:\/\/eldiariodesanpedro.com.ar\/sitio\/wp-json\/wp\/v2\/comments?post=56965"}],"version-history":[{"count":1,"href":"https:\/\/eldiariodesanpedro.com.ar\/sitio\/wp-json\/wp\/v2\/posts\/56965\/revisions"}],"predecessor-version":[{"id":56969,"href":"https:\/\/eldiariodesanpedro.com.ar\/sitio\/wp-json\/wp\/v2\/posts\/56965\/revisions\/56969"}],"wp:featuredmedia":[{"embeddable":true,"href":"https:\/\/eldiariodesanpedro.com.ar\/sitio\/wp-json\/wp\/v2\/media\/56968"}],"wp:attachment":[{"href":"https:\/\/eldiariodesanpedro.com.ar\/sitio\/wp-json\/wp\/v2\/media?parent=56965"}],"wp:term":[{"taxonomy":"category","embeddable":true,"href":"https:\/\/eldiariodesanpedro.com.ar\/sitio\/wp-json\/wp\/v2\/categories?post=56965"},{"taxonomy":"post_tag","embeddable":true,"href":"https:\/\/eldiariodesanpedro.com.ar\/sitio\/wp-json\/wp\/v2\/tags?post=56965"}],"curies":[{"name":"wp","href":"https:\/\/api.w.org\/{rel}","templated":true}]}}