{"id":56960,"date":"2019-07-26T10:43:30","date_gmt":"2019-07-26T13:43:30","guid":{"rendered":"https:\/\/eldiariodesanpedro.com.ar\/sitio\/?p=56960"},"modified":"2019-07-26T10:43:30","modified_gmt":"2019-07-26T13:43:30","slug":"baradero-se-celebro-el-404-aniversario-de-la-ciudad","status":"publish","type":"post","link":"https:\/\/eldiariodesanpedro.com.ar\/sitio\/baradero-se-celebro-el-404-aniversario-de-la-ciudad\/","title":{"rendered":"BARADERO | Se celebr\u00f3 el 404\u00b0 Aniversario de la ciudad"},"content":{"rendered":"<!-- VideographyWP Plugin Message: Automatic video embedding prevented by plugin options. -->\n\n<p>\n\nEs la ciudad m\u00e1s antigua de la Provincia de Buenos Aires. Fue fundada el 25 de julio de 1615 como reducci\u00f3n aborigen por voz y orden de Hernando Arias de Saavedra.<\/p>\n\n\n\n<p>Los festejos centrales por el 404\u00b0 aniversario de Baradero se tuvieron que realizar en el gimnasio del Club Atl\u00e9tico porque la lluvia oblig\u00f3 a suspender el desfile de instituciones que estaba previsto concretarlo en el centro de la ciudad.<\/p>\n\n\n\n<p>Previo al acto oficial, las autoridades recordaron al fundador Hernando Arias de Saavedra (Hernandarias) y bajo su busto depositaron una ofrenda floral.<\/p>\n\n\n\n<p>Luego celebraron la fiesta patronal en la Parroquia Santiago Ap\u00f3stol con la presencia del vicario Justo Rodr\u00edguez Gallego. El tempo estuvo repleto de fieles que atentamente escucharon el mensaje del sacerdote. Entre sus palabras, record\u00f3 algunos momentos de la vida del ap\u00f3stol Santiago y dijo: \u201cJes\u00fas es nuestro salvador, no tenemos otro nombre bajo el cielo que nos pueda salvar. Esta es la verdad central que tenemos los cristianos. Siempre hay que respetar la conciencia de otro pero con la certeza de que Jesucristo es el \u00fanico salvador. Por eso hoy le pedimos al ap\u00f3stol Santiago que nos d\u00e9 este fuego apost\u00f3lico para que los cat\u00f3licos no nos quedemos, sino que sigamos entusiasmados por Jesucristo\u201d.<\/p>\n\n\n\n<p>Concluida la celebraci\u00f3n religiosa se trasladaron al Club Atl\u00e9tico. All\u00ed la banda de la Prefectura Naval Argentina fue la encargada de musicalizar el acto. La intendenta municipal Fernanda Antonijevic agradeci\u00f3 a todos los presentes y mencion\u00f3 las obras realizadas durante su gesti\u00f3n. \u201cNos enorgullece tener en este lugar la s\u00edntesis de nuestra ciudad, las instituciones, los colegios, los docentes, las fuerzas de seguridad, los centros tradicionalistas, los ballets, los deportistas\u201d, sintetiz\u00f3 la jefa comunal y agreg\u00f3: \u201cDisfrutemos de estos d\u00edas de festejo y sigamos apostando a un Baradero que mira, proyecta y avanza\u201d.<\/p>\n\n\n\n<p>Como en todo cumplea\u00f1os, realizaron el tradicional corte de torta.<\/p>\n\n\n\n<p>Fuente: Zona Norte Hoy<\/p>\n","protected":false},"excerpt":{"rendered":"<p>Es la ciudad m\u00e1s antigua de la Provincia de Buenos Aires. Fue fundada el 25 de julio de 1615 como reducci\u00f3n aborigen por voz y orden de Hernando Arias de Saavedra. Los festejos centrales por el 404\u00b0 aniversario de Baradero se tuvieron que realizar en el gimnasio del Club Atl\u00e9tico porque la lluvia oblig\u00f3 a [&hellip;]<\/p>\n","protected":false},"author":4,"featured_media":56963,"comment_status":"open","ping_status":"closed","sticky":false,"template":"","format":"standard","meta":{"om_disable_all_campaigns":false,"_jetpack_memberships_contains_paid_content":false,"footnotes":""},"categories":[621],"tags":[],"class_list":["post-56960","post","type-post","status-publish","format-standard","has-post-thumbnail","hentry","category-regionales"],"aioseo_notices":[],"gutentor_comment":0,"jetpack_featured_media_url":"https:\/\/eldiariodesanpedro.com.ar\/sitio\/wp-content\/uploads\/2019\/07\/67487233_944970989179060_8163951175712899072_n.jpg","jetpack_shortlink":"https:\/\/wp.me\/p6RhLt-eOI","jetpack_sharing_enabled":true,"_links":{"self":[{"href":"https:\/\/eldiariodesanpedro.com.ar\/sitio\/wp-json\/wp\/v2\/posts\/56960","targetHints":{"allow":["GET"]}}],"collection":[{"href":"https:\/\/eldiariodesanpedro.com.ar\/sitio\/wp-json\/wp\/v2\/posts"}],"about":[{"href":"https:\/\/eldiariodesanpedro.com.ar\/sitio\/wp-json\/wp\/v2\/types\/post"}],"author":[{"embeddable":true,"href":"https:\/\/eldiariodesanpedro.com.ar\/sitio\/wp-json\/wp\/v2\/users\/4"}],"replies":[{"embeddable":true,"href":"https:\/\/eldiariodesanpedro.com.ar\/sitio\/wp-json\/wp\/v2\/comments?post=56960"}],"version-history":[{"count":1,"href":"https:\/\/eldiariodesanpedro.com.ar\/sitio\/wp-json\/wp\/v2\/posts\/56960\/revisions"}],"predecessor-version":[{"id":56964,"href":"https:\/\/eldiariodesanpedro.com.ar\/sitio\/wp-json\/wp\/v2\/posts\/56960\/revisions\/56964"}],"wp:featuredmedia":[{"embeddable":true,"href":"https:\/\/eldiariodesanpedro.com.ar\/sitio\/wp-json\/wp\/v2\/media\/56963"}],"wp:attachment":[{"href":"https:\/\/eldiariodesanpedro.com.ar\/sitio\/wp-json\/wp\/v2\/media?parent=56960"}],"wp:term":[{"taxonomy":"category","embeddable":true,"href":"https:\/\/eldiariodesanpedro.com.ar\/sitio\/wp-json\/wp\/v2\/categories?post=56960"},{"taxonomy":"post_tag","embeddable":true,"href":"https:\/\/eldiariodesanpedro.com.ar\/sitio\/wp-json\/wp\/v2\/tags?post=56960"}],"curies":[{"name":"wp","href":"https:\/\/api.w.org\/{rel}","templated":true}]}}