{"id":56957,"date":"2019-07-26T10:41:03","date_gmt":"2019-07-26T13:41:03","guid":{"rendered":"https:\/\/eldiariodesanpedro.com.ar\/sitio\/?p=56957"},"modified":"2019-07-26T10:41:07","modified_gmt":"2019-07-26T13:41:07","slug":"baradero-caso-apand-teresa-zoluaga-se-reunio-con-la-comision-de-salud","status":"publish","type":"post","link":"https:\/\/eldiariodesanpedro.com.ar\/sitio\/baradero-caso-apand-teresa-zoluaga-se-reunio-con-la-comision-de-salud\/","title":{"rendered":"BARADERO | Caso APAND: Teresa Zoluaga se reuni\u00f3 con la comisi\u00f3n de salud"},"content":{"rendered":"<!-- VideographyWP Plugin Message: Automatic video embedding prevented by plugin options. -->\n\n<p>Fue el dia martes, cerca de las 10:30 de la ma\u00f1ana cuando la directora de Apand se reuni\u00f3 con los concejales en el Honorable Concejo Deliberante con la comisi\u00f3n de salud presidida por Leticia Houriet.<\/p>\n\n\n\n<p>El lunes por la ma\u00f1ana, presentaron una solicitud al presidente del HCD Martin Cardenas, para citar a Teresa Zuloaga pidiendo explicaciones por el Caso Elizabeth Zurita. \u201cHubieron varios casos que ameritan, que nosotros que representamos al pueblo, nos den explicaciones en nombre del pueblo, queremos saber que pas\u00f3\u201d declar\u00f3 Leticia Houriet en comunicaci\u00f3n con Tu Radio.<\/p>\n\n\n\n<p>Por otra parte, la palabra de Juan Domingo \u201cPeteco\u201d Morales luego de la reuni\u00f3n, contando cuales fueron las palabras de Zoluaga.<\/p>\n","protected":false},"excerpt":{"rendered":"<p>Fue el dia martes, cerca de las 10:30 de la ma\u00f1ana cuando la directora de Apand se reuni\u00f3 con los concejales en el Honorable Concejo Deliberante con la comisi\u00f3n de salud presidida por Leticia Houriet. El lunes por la ma\u00f1ana, presentaron una solicitud al presidente del HCD Martin Cardenas, para citar a Teresa Zuloaga pidiendo [&hellip;]<\/p>\n","protected":false},"author":4,"featured_media":56958,"comment_status":"open","ping_status":"closed","sticky":false,"template":"","format":"standard","meta":{"om_disable_all_campaigns":false,"_jetpack_memberships_contains_paid_content":false,"footnotes":""},"categories":[621],"tags":[],"class_list":["post-56957","post","type-post","status-publish","format-standard","has-post-thumbnail","hentry","category-regionales"],"aioseo_notices":[],"gutentor_comment":0,"jetpack_featured_media_url":"https:\/\/eldiariodesanpedro.com.ar\/sitio\/wp-content\/uploads\/2019\/07\/captura_de_pantalla_de_2019-07-26_08-35-35.jpg","jetpack_shortlink":"https:\/\/wp.me\/p6RhLt-eOF","jetpack_sharing_enabled":true,"_links":{"self":[{"href":"https:\/\/eldiariodesanpedro.com.ar\/sitio\/wp-json\/wp\/v2\/posts\/56957","targetHints":{"allow":["GET"]}}],"collection":[{"href":"https:\/\/eldiariodesanpedro.com.ar\/sitio\/wp-json\/wp\/v2\/posts"}],"about":[{"href":"https:\/\/eldiariodesanpedro.com.ar\/sitio\/wp-json\/wp\/v2\/types\/post"}],"author":[{"embeddable":true,"href":"https:\/\/eldiariodesanpedro.com.ar\/sitio\/wp-json\/wp\/v2\/users\/4"}],"replies":[{"embeddable":true,"href":"https:\/\/eldiariodesanpedro.com.ar\/sitio\/wp-json\/wp\/v2\/comments?post=56957"}],"version-history":[{"count":1,"href":"https:\/\/eldiariodesanpedro.com.ar\/sitio\/wp-json\/wp\/v2\/posts\/56957\/revisions"}],"predecessor-version":[{"id":56959,"href":"https:\/\/eldiariodesanpedro.com.ar\/sitio\/wp-json\/wp\/v2\/posts\/56957\/revisions\/56959"}],"wp:featuredmedia":[{"embeddable":true,"href":"https:\/\/eldiariodesanpedro.com.ar\/sitio\/wp-json\/wp\/v2\/media\/56958"}],"wp:attachment":[{"href":"https:\/\/eldiariodesanpedro.com.ar\/sitio\/wp-json\/wp\/v2\/media?parent=56957"}],"wp:term":[{"taxonomy":"category","embeddable":true,"href":"https:\/\/eldiariodesanpedro.com.ar\/sitio\/wp-json\/wp\/v2\/categories?post=56957"},{"taxonomy":"post_tag","embeddable":true,"href":"https:\/\/eldiariodesanpedro.com.ar\/sitio\/wp-json\/wp\/v2\/tags?post=56957"}],"curies":[{"name":"wp","href":"https:\/\/api.w.org\/{rel}","templated":true}]}}