{"id":56954,"date":"2019-07-26T10:39:19","date_gmt":"2019-07-26T13:39:19","guid":{"rendered":"https:\/\/eldiariodesanpedro.com.ar\/sitio\/?p=56954"},"modified":"2019-07-26T10:39:23","modified_gmt":"2019-07-26T13:39:23","slug":"baradero-la-policia-detuvo-a-una-persona-por-convocar-a-incendiar-el-municipio-y-la-casa-de-la-intendenta","status":"publish","type":"post","link":"https:\/\/eldiariodesanpedro.com.ar\/sitio\/baradero-la-policia-detuvo-a-una-persona-por-convocar-a-incendiar-el-municipio-y-la-casa-de-la-intendenta\/","title":{"rendered":"BARADERO | La Polic\u00eda detuvo a una persona por \u2018convocar\u2019 a incendiar el Municipio y la casa de la Intendenta"},"content":{"rendered":"<!-- VideographyWP Plugin Message: Automatic video embedding prevented by plugin options. -->\n\n<p>\n\nSe trata de una persona incitaba a movilizarse hacia la Municipalidad para quemarla, la responsabilizaba a la intendenta,<\/p>\n\n\n\n<p>El anuncio fue publicado en las redes sociales, por lo cual Personal de Gabinete de prevenci\u00f3n de la Estaci\u00f3n de Polic\u00eda Comunal de Baradero detect\u00f3 a trav\u00e9s de las redes sociales que una persona incitaba a movilizarse hacia la Municipalidad para quemarla, la responsabilizaba a la intendenta, y que por ese motivo hab\u00eda que provocar da\u00f1o hacia APAND y hac\u00eda menci\u00f3n a la casa de la Jefa Comunal baraderense.<\/p>\n\n\n\n<p>El comisario, Inspector Diego Mart\u00ednez en comunicaci\u00f3n con LS2 RADIO 96.9 cont\u00f3 el procedimiento de los Efectivos ante \u00e9ste hecho y confirm\u00f3 los allanamientos realizados posteriormente con resultado positivo.<\/p>\n\n\n\n<p>Fuente: Baradero Hoy<\/p>\n","protected":false},"excerpt":{"rendered":"<p>Se trata de una persona incitaba a movilizarse hacia la Municipalidad para quemarla, la responsabilizaba a la intendenta, El anuncio fue publicado en las redes sociales, por lo cual Personal de Gabinete de prevenci\u00f3n de la Estaci\u00f3n de Polic\u00eda Comunal de Baradero detect\u00f3 a trav\u00e9s de las redes sociales que una persona incitaba a movilizarse [&hellip;]<\/p>\n","protected":false},"author":4,"featured_media":56955,"comment_status":"open","ping_status":"closed","sticky":false,"template":"","format":"standard","meta":{"om_disable_all_campaigns":false,"_jetpack_memberships_contains_paid_content":false,"footnotes":""},"categories":[621],"tags":[],"class_list":["post-56954","post","type-post","status-publish","format-standard","has-post-thumbnail","hentry","category-regionales"],"aioseo_notices":[],"gutentor_comment":0,"jetpack_featured_media_url":"https:\/\/eldiariodesanpedro.com.ar\/sitio\/wp-content\/uploads\/2019\/07\/dsc02803-640x480_0.jpg","jetpack_shortlink":"https:\/\/wp.me\/p6RhLt-eOC","jetpack_sharing_enabled":true,"_links":{"self":[{"href":"https:\/\/eldiariodesanpedro.com.ar\/sitio\/wp-json\/wp\/v2\/posts\/56954","targetHints":{"allow":["GET"]}}],"collection":[{"href":"https:\/\/eldiariodesanpedro.com.ar\/sitio\/wp-json\/wp\/v2\/posts"}],"about":[{"href":"https:\/\/eldiariodesanpedro.com.ar\/sitio\/wp-json\/wp\/v2\/types\/post"}],"author":[{"embeddable":true,"href":"https:\/\/eldiariodesanpedro.com.ar\/sitio\/wp-json\/wp\/v2\/users\/4"}],"replies":[{"embeddable":true,"href":"https:\/\/eldiariodesanpedro.com.ar\/sitio\/wp-json\/wp\/v2\/comments?post=56954"}],"version-history":[{"count":1,"href":"https:\/\/eldiariodesanpedro.com.ar\/sitio\/wp-json\/wp\/v2\/posts\/56954\/revisions"}],"predecessor-version":[{"id":56956,"href":"https:\/\/eldiariodesanpedro.com.ar\/sitio\/wp-json\/wp\/v2\/posts\/56954\/revisions\/56956"}],"wp:featuredmedia":[{"embeddable":true,"href":"https:\/\/eldiariodesanpedro.com.ar\/sitio\/wp-json\/wp\/v2\/media\/56955"}],"wp:attachment":[{"href":"https:\/\/eldiariodesanpedro.com.ar\/sitio\/wp-json\/wp\/v2\/media?parent=56954"}],"wp:term":[{"taxonomy":"category","embeddable":true,"href":"https:\/\/eldiariodesanpedro.com.ar\/sitio\/wp-json\/wp\/v2\/categories?post=56954"},{"taxonomy":"post_tag","embeddable":true,"href":"https:\/\/eldiariodesanpedro.com.ar\/sitio\/wp-json\/wp\/v2\/tags?post=56954"}],"curies":[{"name":"wp","href":"https:\/\/api.w.org\/{rel}","templated":true}]}}