{"id":5695,"date":"2016-07-03T20:45:39","date_gmt":"2016-07-03T23:45:39","guid":{"rendered":"https:\/\/eldiariodesanpedro.com.ar\/sitio\/?p=5695"},"modified":"2016-07-03T20:45:39","modified_gmt":"2016-07-03T23:45:39","slug":"la-agrupacion-mallorca-realizo-los-festejos-por-sus-50-anos","status":"publish","type":"post","link":"https:\/\/eldiariodesanpedro.com.ar\/sitio\/la-agrupacion-mallorca-realizo-los-festejos-por-sus-50-anos\/","title":{"rendered":"La Agrupaci\u00f3n Mallorca realiz\u00f3 los festejos por sus 50 a\u00f1os"},"content":{"rendered":"<p><!-- VideographyWP Plugin Message: Automatic video embedding prevented by plugin options. --><br \/>\nEl acto protocolar, realizado el viernes por la tarde, cont\u00f3 con la presencia autoridades municipales, de instituciones intermedias y de personas que a lo largo del tiempo han estado ligadas a la instituci\u00f3n.<br \/>\nEn principio, las maestras de ceremonias, Beatriz Bavio de Vidal y Silvia Rigo, dieron la bienvenida a los presentes y luego se entonaron las estrofas del Himno Nacional Argentino, en la voz de Florencia Saliva, quien cont\u00f3 con el acompa\u00f1amiento del pianista Mariano Fern\u00e1ndez. Luego Mar\u00eda Antonia Bonet interpret\u00f3 \u201cLa Balanguera\u201d<br \/>\nA su t\u00e9rmino, las autoridades presentes brindaron sus discursos. El presidente de la entidad convocante, Gustavo Gonz\u00e1lez Truyols, expres\u00f3: \u201cHan sido 50 a\u00f1os de arduo trabajo conjunto, de entrega permanente, de roles que se fueron y se siguen intercambiando, y las postas que se van pasando de generaci\u00f3n en generaci\u00f3n con la experiencia adquirida por el conocimiento compartido\u201d.<br \/>\nY agreg\u00f3: \u201cHemos tenido grandes logros, entre ellos podemos destacar este edificio que fue posible gracias a esa visionaria idea de tener nuestra sede frente a la costa\u201d. \u201cAdem\u00e1s hemos logrado que la Fiesta de la Ensaimada se haya convertido en una fiesta nacional gracias a la sostenida realizaci\u1e55n por m\u00e1s de 10 a\u00f1os\u201d. \u201cTambi\u00e9n la Fiesta de San Juan con la Quema del demonio es un cl\u00e1sico que trasciende a los socios y amigos de la agrupaci\u00f3n\u201d, a\u00f1adi\u00f3.<br \/>\nPor su parte, el intendente Salazar sostuvo: \u201cMuchos mallorquines vinieron a ense\u00f1arnos a los criollos la cultura del trabajo. Yo mismo he sido un trabajador dependiente de muchos de ellos. De los Gomila, de los Ginart, de varios de ellos que he tenido el honor de trabajar con ellos\u201d.<br \/>\nAsimismo, el embajador de Espa\u00f1a en la Argentina, Estanislao de Grandes Pascual, agradeci\u00f3 al intendente el nombramiento de hu\u00e9sped ilustre de la ciudad de San Pedro. Adem\u00e1s relat\u00f3 su visita al vivero de Miguel Ginart y las instalaciones de Rafael Gomila, que \u201cnos han honrado con un regalo de productos de esta tierra\u201d, dijo.<br \/>\nLuego agreg\u00f3: \u201cEn los jardines de la embajada, he plantado con orgullo el durazno que me fue regalado por la Agrupaci\u00f3n Mallorca y que espero que d\u00e9 muchos frutos en el futuro\u201d.<br \/>\nPor \u00faltimo, se\u00f1al\u00f3: \u201cQuiero agradecer muy sinceramente las muestras de afecto y expresar mi orgullo por la presencia industriosa, laboriosa y permanente de los mallorquines para el progreso de esta ciudad de San Pedro y de la hermana Rep\u00fablica Argentina\u201d.<br \/>\nSeguidamente, se produjo la actuaci\u00f3n art\u00edstica del ballet mallorqu\u00edn de la instituci\u00f3n, \u201cFent Polseguera\u201d. Luego se llev\u00f3 a cabo la Ceremonia del Escudo y el descubrimiento de una placa conmemorativa.<br \/>\nPara finalizar, tuvo lugar el concierto del \u201cEnsamble Mallorca\u201d, pionero en la difusi\u00f3n de la m\u00fasica mallorquina en el exterior, y cerr\u00f3 el evento el c\u00f3ctel de celebraci\u00f3n.<\/p>\n<p>Gala de Zarzuela<\/p>\n<p>En el marco de las actividades, la instituci\u00f3n presentar\u00e1 el 17 de julio el espect\u00e1culo \u201cGala de Zarzuela\u201d. La Asociaci\u00f3n Cultural Amigos de la Zarzuela regresa a San Pedro luego de 50 a\u00f1os de acontecida la inolvidable actuaci\u00f3n en el antiguo Cine Plaza, en el marco del programa cultural de la Semana de la Hispanidad del a\u00f1o 1966. Interpretar\u00e1n las siguientes obras: Luisa Fernanda: Federico Moreno Torroba; Mazurka de las Sombrillas: Roc\u00edo Cereceda y Pablo Selci; El Ni\u00f1o Jud\u00edo: Pablo Luna; De Espa\u00f1a vengo: Guadalupe Maiorino; La Tabernera del Puerto: Pablo Sorozabal; No puede ser: Pablo Selci; El Bateo: Federico Chueca; Cuplets de Virginio: Norberto Gaona; D\u00fao de Visita y Virginio: Roc\u00edo Cereceda y Norberto Gaona; La Gran V\u00eda: Chueca Y Valverde; Tango del Ama y Menegilda: Guadalupe Maiorino y Coca M\u00e9ndez.<br \/>\nSolistas: Roc\u00edo Cereceda (soprano), Guadalupe Maiorino (mezzo), Norberto Gaona (tenor), Pablo Selci (tenor).<br \/>\nCoro femenino: Bordaverri Amalia, Dacal Graciela, Duch\u00f3n Yolanda, Go\u00f1i Irma, Gim\u00e9nez M\u00f3nica, Lacuesta Julia, Melgarejo Marta, M\u00e9ndez Coca, Mouri\u00f1o Dolores, Puelles Silvia, Ridruejo Sonia, Romano M\u00f3nica, Rosa Patricia de, Soprano Susana, Stella Celia, Torres Rosas Ana Mar\u00eda, Ur\u00e1n Marta, Vaquero Mar\u00eda del Carmen.<br \/>\nCoro masculino: Alves Nicol\u00e1s, Amoroso Adri\u00e1n, De Simone Roberto, Del Solar Rub\u00e9n, Garc\u00eda \u00c1lvarez H\u00e9ctor, Gattoni Francisco, Mammana Jos\u00e9, Santiago Enrique.<br \/>\nPianista: Sebasti\u00e1n Napolitano<br \/>\nDirector coral: Mtro. Giorgio Paganini<br \/>\nDirecci\u00f3n general: Ana Maria Rey Cister<\/p>\n","protected":false},"excerpt":{"rendered":"<p>El acto protocolar, realizado el viernes por la tarde, cont\u00f3 con la presencia autoridades municipales, de instituciones intermedias y de personas que a lo largo del tiempo han estado ligadas a la instituci\u00f3n. En principio, las maestras de ceremonias, Beatriz Bavio de Vidal y Silvia Rigo, dieron la bienvenida a los presentes y luego se [&hellip;]<\/p>\n","protected":false},"author":4,"featured_media":5696,"comment_status":"open","ping_status":"closed","sticky":false,"template":"","format":"standard","meta":{"om_disable_all_campaigns":false,"_jetpack_memberships_contains_paid_content":false,"footnotes":""},"categories":[50,101,2],"tags":[],"class_list":["post-5695","post","type-post","status-publish","format-standard","has-post-thumbnail","hentry","category-destacadas","category-interes-general-locales","category-locales"],"aioseo_notices":[],"gutentor_comment":0,"jetpack_featured_media_url":"https:\/\/eldiariodesanpedro.com.ar\/sitio\/wp-content\/uploads\/2016\/07\/PAGINA-4.jpg","jetpack_shortlink":"https:\/\/wp.me\/p6RhLt-1tR","jetpack_sharing_enabled":true,"_links":{"self":[{"href":"https:\/\/eldiariodesanpedro.com.ar\/sitio\/wp-json\/wp\/v2\/posts\/5695","targetHints":{"allow":["GET"]}}],"collection":[{"href":"https:\/\/eldiariodesanpedro.com.ar\/sitio\/wp-json\/wp\/v2\/posts"}],"about":[{"href":"https:\/\/eldiariodesanpedro.com.ar\/sitio\/wp-json\/wp\/v2\/types\/post"}],"author":[{"embeddable":true,"href":"https:\/\/eldiariodesanpedro.com.ar\/sitio\/wp-json\/wp\/v2\/users\/4"}],"replies":[{"embeddable":true,"href":"https:\/\/eldiariodesanpedro.com.ar\/sitio\/wp-json\/wp\/v2\/comments?post=5695"}],"version-history":[{"count":1,"href":"https:\/\/eldiariodesanpedro.com.ar\/sitio\/wp-json\/wp\/v2\/posts\/5695\/revisions"}],"predecessor-version":[{"id":5697,"href":"https:\/\/eldiariodesanpedro.com.ar\/sitio\/wp-json\/wp\/v2\/posts\/5695\/revisions\/5697"}],"wp:featuredmedia":[{"embeddable":true,"href":"https:\/\/eldiariodesanpedro.com.ar\/sitio\/wp-json\/wp\/v2\/media\/5696"}],"wp:attachment":[{"href":"https:\/\/eldiariodesanpedro.com.ar\/sitio\/wp-json\/wp\/v2\/media?parent=5695"}],"wp:term":[{"taxonomy":"category","embeddable":true,"href":"https:\/\/eldiariodesanpedro.com.ar\/sitio\/wp-json\/wp\/v2\/categories?post=5695"},{"taxonomy":"post_tag","embeddable":true,"href":"https:\/\/eldiariodesanpedro.com.ar\/sitio\/wp-json\/wp\/v2\/tags?post=5695"}],"curies":[{"name":"wp","href":"https:\/\/api.w.org\/{rel}","templated":true}]}}