{"id":56949,"date":"2019-07-26T10:32:52","date_gmt":"2019-07-26T13:32:52","guid":{"rendered":"https:\/\/eldiariodesanpedro.com.ar\/sitio\/?p=56949"},"modified":"2019-07-26T10:32:56","modified_gmt":"2019-07-26T13:32:56","slug":"robaron-una-motocicleta-5","status":"publish","type":"post","link":"https:\/\/eldiariodesanpedro.com.ar\/sitio\/robaron-una-motocicleta-5\/","title":{"rendered":"Robaron una motocicleta"},"content":{"rendered":"<!-- VideographyWP Plugin Message: Automatic video embedding prevented by plugin options. -->\n\n<p>El hecho sucedi\u00f3 este jueves por la noche, delincuente ignorado sustrajo el rodado sin violencia estacionado en la v\u00eda p\u00fablica.<\/p>\n\n\n\n<p>Lo denunci\u00f3 su propietaria, una mujer de 34 a\u00f1os de edad, quien estaciono el vehiculo sobre calle Ruffa N\u00ba 1300 quien al egresar de su morada constato el hecho.<\/p>\n\n\n\n<p>Se trata de una motocicleta marca Zanella modelo ZB; toma intervenci\u00f3n la fiscalia N\u00ba11. <br><\/p>\n","protected":false},"excerpt":{"rendered":"<p>El hecho sucedi\u00f3 este jueves por la noche, delincuente ignorado sustrajo el rodado sin violencia estacionado en la v\u00eda p\u00fablica. Lo denunci\u00f3 su propietaria, una mujer de 34 a\u00f1os de edad, quien estaciono el vehiculo sobre calle Ruffa N\u00ba 1300 quien al egresar de su morada constato el hecho. Se trata de una motocicleta marca [&hellip;]<\/p>\n","protected":false},"author":4,"featured_media":56528,"comment_status":"open","ping_status":"closed","sticky":false,"template":"","format":"standard","meta":{"om_disable_all_campaigns":false,"_jetpack_memberships_contains_paid_content":false,"footnotes":""},"categories":[2,103],"tags":[],"class_list":["post-56949","post","type-post","status-publish","format-standard","has-post-thumbnail","hentry","category-locales","category-policiales-locales"],"aioseo_notices":[],"gutentor_comment":0,"jetpack_featured_media_url":"https:\/\/eldiariodesanpedro.com.ar\/sitio\/wp-content\/uploads\/2019\/07\/patrulla66-1024x680.jpg","jetpack_shortlink":"https:\/\/wp.me\/p6RhLt-eOx","jetpack_sharing_enabled":true,"_links":{"self":[{"href":"https:\/\/eldiariodesanpedro.com.ar\/sitio\/wp-json\/wp\/v2\/posts\/56949","targetHints":{"allow":["GET"]}}],"collection":[{"href":"https:\/\/eldiariodesanpedro.com.ar\/sitio\/wp-json\/wp\/v2\/posts"}],"about":[{"href":"https:\/\/eldiariodesanpedro.com.ar\/sitio\/wp-json\/wp\/v2\/types\/post"}],"author":[{"embeddable":true,"href":"https:\/\/eldiariodesanpedro.com.ar\/sitio\/wp-json\/wp\/v2\/users\/4"}],"replies":[{"embeddable":true,"href":"https:\/\/eldiariodesanpedro.com.ar\/sitio\/wp-json\/wp\/v2\/comments?post=56949"}],"version-history":[{"count":1,"href":"https:\/\/eldiariodesanpedro.com.ar\/sitio\/wp-json\/wp\/v2\/posts\/56949\/revisions"}],"predecessor-version":[{"id":56951,"href":"https:\/\/eldiariodesanpedro.com.ar\/sitio\/wp-json\/wp\/v2\/posts\/56949\/revisions\/56951"}],"wp:featuredmedia":[{"embeddable":true,"href":"https:\/\/eldiariodesanpedro.com.ar\/sitio\/wp-json\/wp\/v2\/media\/56528"}],"wp:attachment":[{"href":"https:\/\/eldiariodesanpedro.com.ar\/sitio\/wp-json\/wp\/v2\/media?parent=56949"}],"wp:term":[{"taxonomy":"category","embeddable":true,"href":"https:\/\/eldiariodesanpedro.com.ar\/sitio\/wp-json\/wp\/v2\/categories?post=56949"},{"taxonomy":"post_tag","embeddable":true,"href":"https:\/\/eldiariodesanpedro.com.ar\/sitio\/wp-json\/wp\/v2\/tags?post=56949"}],"curies":[{"name":"wp","href":"https:\/\/api.w.org\/{rel}","templated":true}]}}