{"id":5692,"date":"2016-07-03T20:40:51","date_gmt":"2016-07-03T23:40:51","guid":{"rendered":"https:\/\/eldiariodesanpedro.com.ar\/sitio\/?p=5692"},"modified":"2016-07-03T20:40:51","modified_gmt":"2016-07-03T23:40:51","slug":"los-socios-del-club-nautico-plantearon-la-necesidad-de-contar-con-un-nuevo-predio","status":"publish","type":"post","link":"https:\/\/eldiariodesanpedro.com.ar\/sitio\/los-socios-del-club-nautico-plantearon-la-necesidad-de-contar-con-un-nuevo-predio\/","title":{"rendered":"Los socios del club N\u00e1utico plantearon la necesidad de contar con un nuevo predio"},"content":{"rendered":"<p><!-- VideographyWP Plugin Message: Automatic video embedding prevented by plugin options. --><br \/>\nEl viernes por la noche, en una asamblea extraordinaria, los socios del Club avalaron la iniciativa de contar con un nuevo predio. En la misma, donde se hicieron presentes m\u00e1s de 150 personas, se plante\u00f3 la necesidad de evaluar no solo una propuesta de un predio presentado por la Comisi\u00f3n Directiva, sino abrir el espectro y, en una pr\u00f3xima asamblea, evaluar alternativas a la dada a conocer.<br \/>\nLos socios mostraron su inter\u00e9s y as\u00ed lo hicieron consultando a los integrantes de la mesa sobre la ubicaci\u00f3n de predio puesto en consideraci\u00f3n y las caracter\u00edsticas de la eventual operaci\u00f3n. Adem\u00e1s, si los valores dados a conocer son los que rigen en el mercado, la posibilidad o no de la apertura del ingreso de nuevos socios, la log\u00edstica, traslados, operatividad, entre otras inquietudes.<br \/>\nTal como es de conocimiento p\u00fablico, desde hace algunas semanas, las autoridades de la instituci\u00f3n han mantenido reuniones con propietarios de un terreno ubicado en la zona de Villa Jard\u00edn y existen concretas posibilidades de adquirirlo en condiciones que ser\u00e1n expuestas en esta convocatoria a los fines de obtener la autorizaci\u00f3n de los socios.<br \/>\nLa gran demanda de espacios por parte de quienes concurren al club y el constante crecimiento de las actividades deportivas que re\u00fanen a j\u00f3venes y adultos, configuran un panorama en el que una alternativa de estas caracter\u00edsticas podr\u00eda incrementar los beneficios de todos los socios, descomprimiendo las instalaciones ribere\u00f1as y creciendo en infraestructura en el posible nuevo espacio que re\u00fane condiciones ideales para tal fin. Esta iniciativa se fortalece adem\u00e1s, luego de una nueva creciente haya restringido las posibilidades de uso y las perspectivas para la construcci\u00f3n de nuevos espacios deportivos, como por ejemplo la cancha sint\u00e9tica.<\/p>\n","protected":false},"excerpt":{"rendered":"<p>El viernes por la noche, en una asamblea extraordinaria, los socios del Club avalaron la iniciativa de contar con un nuevo predio. En la misma, donde se hicieron presentes m\u00e1s de 150 personas, se plante\u00f3 la necesidad de evaluar no solo una propuesta de un predio presentado por la Comisi\u00f3n Directiva, sino abrir el espectro [&hellip;]<\/p>\n","protected":false},"author":4,"featured_media":5693,"comment_status":"open","ping_status":"closed","sticky":false,"template":"","format":"standard","meta":{"om_disable_all_campaigns":false,"_jetpack_memberships_contains_paid_content":false,"footnotes":""},"categories":[50,101,2],"tags":[],"class_list":["post-5692","post","type-post","status-publish","format-standard","has-post-thumbnail","hentry","category-destacadas","category-interes-general-locales","category-locales"],"aioseo_notices":[],"gutentor_comment":0,"jetpack_featured_media_url":"https:\/\/eldiariodesanpedro.com.ar\/sitio\/wp-content\/uploads\/2016\/07\/PAGINA-5.jpg","jetpack_shortlink":"https:\/\/wp.me\/p6RhLt-1tO","jetpack_sharing_enabled":true,"_links":{"self":[{"href":"https:\/\/eldiariodesanpedro.com.ar\/sitio\/wp-json\/wp\/v2\/posts\/5692","targetHints":{"allow":["GET"]}}],"collection":[{"href":"https:\/\/eldiariodesanpedro.com.ar\/sitio\/wp-json\/wp\/v2\/posts"}],"about":[{"href":"https:\/\/eldiariodesanpedro.com.ar\/sitio\/wp-json\/wp\/v2\/types\/post"}],"author":[{"embeddable":true,"href":"https:\/\/eldiariodesanpedro.com.ar\/sitio\/wp-json\/wp\/v2\/users\/4"}],"replies":[{"embeddable":true,"href":"https:\/\/eldiariodesanpedro.com.ar\/sitio\/wp-json\/wp\/v2\/comments?post=5692"}],"version-history":[{"count":1,"href":"https:\/\/eldiariodesanpedro.com.ar\/sitio\/wp-json\/wp\/v2\/posts\/5692\/revisions"}],"predecessor-version":[{"id":5694,"href":"https:\/\/eldiariodesanpedro.com.ar\/sitio\/wp-json\/wp\/v2\/posts\/5692\/revisions\/5694"}],"wp:featuredmedia":[{"embeddable":true,"href":"https:\/\/eldiariodesanpedro.com.ar\/sitio\/wp-json\/wp\/v2\/media\/5693"}],"wp:attachment":[{"href":"https:\/\/eldiariodesanpedro.com.ar\/sitio\/wp-json\/wp\/v2\/media?parent=5692"}],"wp:term":[{"taxonomy":"category","embeddable":true,"href":"https:\/\/eldiariodesanpedro.com.ar\/sitio\/wp-json\/wp\/v2\/categories?post=5692"},{"taxonomy":"post_tag","embeddable":true,"href":"https:\/\/eldiariodesanpedro.com.ar\/sitio\/wp-json\/wp\/v2\/tags?post=5692"}],"curies":[{"name":"wp","href":"https:\/\/api.w.org\/{rel}","templated":true}]}}