{"id":5690,"date":"2016-07-03T20:38:04","date_gmt":"2016-07-03T23:38:04","guid":{"rendered":"https:\/\/eldiariodesanpedro.com.ar\/sitio\/?p=5690"},"modified":"2016-07-03T20:38:04","modified_gmt":"2016-07-03T23:38:04","slug":"la-coopser-da-sus-primeros-pasos-para-comenzar-a-gerenciar-la-clinica-san-martin","status":"publish","type":"post","link":"https:\/\/eldiariodesanpedro.com.ar\/sitio\/la-coopser-da-sus-primeros-pasos-para-comenzar-a-gerenciar-la-clinica-san-martin\/","title":{"rendered":"La Coopser da sus primeros pasos para comenzar a gerenciar la Cl\u00ednica San Mart\u00edn"},"content":{"rendered":"<p><!-- VideographyWP Plugin Message: Automatic video embedding prevented by plugin options. --><br \/>\nCabe recordar que en la asamblea que se celebr\u00f3 el pasado 23 de junio se determin\u00f3 que la instituci\u00f3n solo avanzar\u00eda con la posibilidad de hacerse cargo del centro asistencial si se resolv\u00eda positivamente el aumento en las tarifas del servicio el\u00e9ctrico. Hasta ese entonces, el juez en lo Contencioso Administrativo, Luis Federico Arias, hab\u00eda dejado sin efecto con una medida cautelar el \u201ctarifazo\u201d en toda la Provincia.<br \/>\nAhora, la C\u00e1mara de Apelaci\u00f3n en lo Contencioso y Administrativo de La Plata revoc\u00f3 dicha decisi\u00f3n, por lo que los usuarios volver\u00e1n a abonar la prestaci\u00f3n con los incrementos que fueron dispuestos oportunamente por la Provincia y publicados en el bolet\u00edn oficial el pasado 26 de febrero. Esto equilibra paralelamente las cuentas de la cooperativa de servicios p\u00fablicos, electr\u00f3nicos y sociales; y permite que se puedan llevar adelante las inversiones necesarias para lograr el objetivo de adquirir la cl\u00ednica.<br \/>\nLo cierto es que todo ello ha logrado destrabar en las \u00faltimas horas las negociaciones. Consultado el presidente del Consejo de Administraci\u00f3n de Coopser, Iv\u00e1n Groppo, asegur\u00f3 que se desarroll\u00f3 una nueva reuni\u00f3n con los accionistas y se acept\u00f3 los 14 millones de pesos, que los asesores consideraron que vale hoy el establecimiento m\u00e9dico. Los todav\u00eda due\u00f1os deber\u00e1n hacerse cargo de el resto de la deuda, que es de un valor equivalente a 10 millones de pesos.<br \/>\nAutoridades de la Coopser realizaron una recorrida por el lugar y se pudo constatar que pr\u00e1cticamente \u201cno hay nada\u201d, dijo Groppo y ejemplific\u00f3: \u201cHay que comprar toda la ropa de cama\u201d. Por lo que se comenzar\u00e1 a evaluar en las pr\u00f3ximas horas, tras un relevamiento, los elementos que son prioritarios para poner en funcionamiento el lugar.<br \/>\nCabe recordar que el jueves 26 de junio, la Asamblea de Delegados de Coopser otorg\u00f3 al Consejo de Administraci\u00f3n la autorizaci\u00f3n para avanzar en la constituci\u00f3n de un fideicomiso que posibilite la compra de la Cl\u00ednica San Mart\u00edn. Representantes del Consejo de Administraci\u00f3n condicionaron cualquier tipo operaci\u00f3n de este tipo a la resoluci\u00f3n de la situaci\u00f3n que, a trav\u00e9s de un fallo judicial, oblig\u00f3 a retrotraer la tarifa de energ\u00eda el\u00e9ctrica provocando un severo perjuicio a la actividad principal de Coopser.<br \/>\nAdem\u00e1s la asamblea facult\u00f3 al Consejo para que analice las alternativas de implementaci\u00f3n de sistemas de salud, el desarrollo de planes y alternativas para que con la conformaci\u00f3n de una sociedad an\u00f3nima se puedan brindar diferentes servicios a los asociados.<\/p>\n","protected":false},"excerpt":{"rendered":"<p>Cabe recordar que en la asamblea que se celebr\u00f3 el pasado 23 de junio se determin\u00f3 que la instituci\u00f3n solo avanzar\u00eda con la posibilidad de hacerse cargo del centro asistencial si se resolv\u00eda positivamente el aumento en las tarifas del servicio el\u00e9ctrico. Hasta ese entonces, el juez en lo Contencioso Administrativo, Luis Federico Arias, hab\u00eda [&hellip;]<\/p>\n","protected":false},"author":4,"featured_media":3538,"comment_status":"open","ping_status":"closed","sticky":false,"template":"","format":"standard","meta":{"om_disable_all_campaigns":false,"_jetpack_memberships_contains_paid_content":false,"footnotes":""},"categories":[50,101,2],"tags":[],"class_list":["post-5690","post","type-post","status-publish","format-standard","has-post-thumbnail","hentry","category-destacadas","category-interes-general-locales","category-locales"],"aioseo_notices":[],"gutentor_comment":0,"jetpack_featured_media_url":"https:\/\/eldiariodesanpedro.com.ar\/sitio\/wp-content\/uploads\/2016\/04\/Cl\u00ednica-San-Mart\u00edn-otra-1.jpg","jetpack_shortlink":"https:\/\/wp.me\/p6RhLt-1tM","jetpack_sharing_enabled":true,"_links":{"self":[{"href":"https:\/\/eldiariodesanpedro.com.ar\/sitio\/wp-json\/wp\/v2\/posts\/5690","targetHints":{"allow":["GET"]}}],"collection":[{"href":"https:\/\/eldiariodesanpedro.com.ar\/sitio\/wp-json\/wp\/v2\/posts"}],"about":[{"href":"https:\/\/eldiariodesanpedro.com.ar\/sitio\/wp-json\/wp\/v2\/types\/post"}],"author":[{"embeddable":true,"href":"https:\/\/eldiariodesanpedro.com.ar\/sitio\/wp-json\/wp\/v2\/users\/4"}],"replies":[{"embeddable":true,"href":"https:\/\/eldiariodesanpedro.com.ar\/sitio\/wp-json\/wp\/v2\/comments?post=5690"}],"version-history":[{"count":1,"href":"https:\/\/eldiariodesanpedro.com.ar\/sitio\/wp-json\/wp\/v2\/posts\/5690\/revisions"}],"predecessor-version":[{"id":5691,"href":"https:\/\/eldiariodesanpedro.com.ar\/sitio\/wp-json\/wp\/v2\/posts\/5690\/revisions\/5691"}],"wp:featuredmedia":[{"embeddable":true,"href":"https:\/\/eldiariodesanpedro.com.ar\/sitio\/wp-json\/wp\/v2\/media\/3538"}],"wp:attachment":[{"href":"https:\/\/eldiariodesanpedro.com.ar\/sitio\/wp-json\/wp\/v2\/media?parent=5690"}],"wp:term":[{"taxonomy":"category","embeddable":true,"href":"https:\/\/eldiariodesanpedro.com.ar\/sitio\/wp-json\/wp\/v2\/categories?post=5690"},{"taxonomy":"post_tag","embeddable":true,"href":"https:\/\/eldiariodesanpedro.com.ar\/sitio\/wp-json\/wp\/v2\/tags?post=5690"}],"curies":[{"name":"wp","href":"https:\/\/api.w.org\/{rel}","templated":true}]}}