{"id":56888,"date":"2019-07-25T15:53:50","date_gmt":"2019-07-25T18:53:50","guid":{"rendered":"https:\/\/eldiariodesanpedro.com.ar\/sitio\/?p=56888"},"modified":"2019-07-25T15:54:11","modified_gmt":"2019-07-25T18:54:11","slug":"san-nicolas-un-paciente-cronico-fallecio-por-gripe-a","status":"publish","type":"post","link":"https:\/\/eldiariodesanpedro.com.ar\/sitio\/san-nicolas-un-paciente-cronico-fallecio-por-gripe-a\/","title":{"rendered":"SAN NICOLAS | Un paciente cr\u00f3nico falleci\u00f3 por Gripe A"},"content":{"rendered":"<!-- VideographyWP Plugin Message: Automatic video embedding prevented by plugin options. -->\n\n<p>\n\nEl Director M\u00e9dico del Sanatorio de la UOM, Dr. Pablo Primucci, confirm\u00f3 en RadioNet que un paciente de m\u00e1s de 65 a\u00f1os y con procesos pulmonares cr\u00f3nicos falleci\u00f3 por Gripe A. Adem\u00e1s, remarc\u00f3 la importancia de la prevenci\u00f3n.<\/p>\n\n\n\n<p>El Dr. Primucci aclar\u00f3 que este a\u00f1os en esta temporada ocurre una situaci\u00f3n que llama la atenci\u00f3n y es que se dan episodios pulmonares en pacientes sin factores de riesgo. \u00abPacientes internados sin ser Gripe A, pero s\u00ed otras neumon\u00edas, influenza (que es la gripe), neumococo\u00bb, describi\u00f3.<\/p>\n\n\n\n<p>Adem\u00e1s detall\u00f3 que \u00abes llamativo la cantidad de demanda de personas que carecen de factores de riesgo como ser la edad, los procesos broncopulmonares cr\u00f3nicos, la diabetes, pacientes oncol\u00f3gicos o con tratamientos inmunisopresores, etc\u00bb. Seg\u00fan cont\u00f3 el doctor, \u00e9sta situaci\u00f3n ocurre fundamentalmente en agosto y este a\u00f1o tuvo un pico de consultas e internaciones en este mes de julio.&nbsp;<\/p>\n\n\n\n<p>Lamentablemente todos los a\u00f1os fallecen pacientes con este tipo de patolog\u00eda. En este sentido, es importante remarcar que existen formas de prevenci\u00f3n como la vacuna, adoptar h\u00e1bitos de higiene como lavarse las manos, llevar adelante el control de los factores de riesgo. \u00abSi se consulta a tiempo, son pacientes con un buen pron\u00f3stico\u00bb, resalt\u00f3 el doctor.<\/p>\n\n\n\n<p>Tambi\u00e9n, Primucci cont\u00f3 que hay otros dos casos de personas con Gripe A en el Sanatorio UOM, uno de ellos contin\u00faa internado, mientras que el otro ya est\u00e1 en su casa. Destac\u00f3 adem\u00e1s, que de las 60 camas que hay en el sector de cl\u00ednica m\u00e9dica del Sanatorio, el 80% son ocupadas por pacientes con procesos pulmonares de alg\u00fan tipo.<\/p>\n\n\n\n<p>Fuente: Diario El Informante<\/p>\n","protected":false},"excerpt":{"rendered":"<p>El Director M\u00e9dico del Sanatorio de la UOM, Dr. Pablo Primucci, confirm\u00f3 en RadioNet que un paciente de m\u00e1s de 65 a\u00f1os y con procesos pulmonares cr\u00f3nicos falleci\u00f3 por Gripe A. Adem\u00e1s, remarc\u00f3 la importancia de la prevenci\u00f3n. El Dr. Primucci aclar\u00f3 que este a\u00f1os en esta temporada ocurre una situaci\u00f3n que llama la atenci\u00f3n [&hellip;]<\/p>\n","protected":false},"author":4,"featured_media":56889,"comment_status":"open","ping_status":"closed","sticky":false,"template":"","format":"standard","meta":{"om_disable_all_campaigns":false,"_jetpack_memberships_contains_paid_content":false,"footnotes":""},"categories":[621],"tags":[],"class_list":["post-56888","post","type-post","status-publish","format-standard","has-post-thumbnail","hentry","category-regionales"],"aioseo_notices":[],"gutentor_comment":0,"jetpack_featured_media_url":"https:\/\/eldiariodesanpedro.com.ar\/sitio\/wp-content\/uploads\/2019\/07\/conmarca21200.jpg","jetpack_shortlink":"https:\/\/wp.me\/p6RhLt-eNy","jetpack_sharing_enabled":true,"_links":{"self":[{"href":"https:\/\/eldiariodesanpedro.com.ar\/sitio\/wp-json\/wp\/v2\/posts\/56888","targetHints":{"allow":["GET"]}}],"collection":[{"href":"https:\/\/eldiariodesanpedro.com.ar\/sitio\/wp-json\/wp\/v2\/posts"}],"about":[{"href":"https:\/\/eldiariodesanpedro.com.ar\/sitio\/wp-json\/wp\/v2\/types\/post"}],"author":[{"embeddable":true,"href":"https:\/\/eldiariodesanpedro.com.ar\/sitio\/wp-json\/wp\/v2\/users\/4"}],"replies":[{"embeddable":true,"href":"https:\/\/eldiariodesanpedro.com.ar\/sitio\/wp-json\/wp\/v2\/comments?post=56888"}],"version-history":[{"count":2,"href":"https:\/\/eldiariodesanpedro.com.ar\/sitio\/wp-json\/wp\/v2\/posts\/56888\/revisions"}],"predecessor-version":[{"id":56891,"href":"https:\/\/eldiariodesanpedro.com.ar\/sitio\/wp-json\/wp\/v2\/posts\/56888\/revisions\/56891"}],"wp:featuredmedia":[{"embeddable":true,"href":"https:\/\/eldiariodesanpedro.com.ar\/sitio\/wp-json\/wp\/v2\/media\/56889"}],"wp:attachment":[{"href":"https:\/\/eldiariodesanpedro.com.ar\/sitio\/wp-json\/wp\/v2\/media?parent=56888"}],"wp:term":[{"taxonomy":"category","embeddable":true,"href":"https:\/\/eldiariodesanpedro.com.ar\/sitio\/wp-json\/wp\/v2\/categories?post=56888"},{"taxonomy":"post_tag","embeddable":true,"href":"https:\/\/eldiariodesanpedro.com.ar\/sitio\/wp-json\/wp\/v2\/tags?post=56888"}],"curies":[{"name":"wp","href":"https:\/\/api.w.org\/{rel}","templated":true}]}}