{"id":56885,"date":"2019-07-25T15:43:54","date_gmt":"2019-07-25T18:43:54","guid":{"rendered":"https:\/\/eldiariodesanpedro.com.ar\/sitio\/?p=56885"},"modified":"2019-07-25T15:43:58","modified_gmt":"2019-07-25T18:43:58","slug":"rojas-explosion-de-silo-deja-al-menos-cuatro-heridos","status":"publish","type":"post","link":"https:\/\/eldiariodesanpedro.com.ar\/sitio\/rojas-explosion-de-silo-deja-al-menos-cuatro-heridos\/","title":{"rendered":"ROJAS | Explosi\u00f3n de silo deja al menos cuatro heridos"},"content":{"rendered":"<!-- VideographyWP Plugin Message: Automatic video embedding prevented by plugin options. -->\n\n<p>En la ma\u00f1ana de este jueves explot\u00f3 un silo en la planta de cereal AFA que se encuentra sobre la Ruta 31 de la localidad de Rojas, al norte bonaerense.<\/p>\n\n\n\n<p>La explosi\u00f3n se sinti\u00f3 en la ciudad, en tanto que al lugar se moviliz\u00f3 personal de Bomberos Voluntarios y una ambulancia.<\/p>\n\n\n\n<p>De acuerdo a las primeras informaciones, son cuatro los heridos que estaban siendo atendidos en el Hospital local.<\/p>\n\n\n\n<p>Fuente: Agencia Nova<\/p>\n","protected":false},"excerpt":{"rendered":"<p>En la ma\u00f1ana de este jueves explot\u00f3 un silo en la planta de cereal AFA que se encuentra sobre la Ruta 31 de la localidad de Rojas, al norte bonaerense. La explosi\u00f3n se sinti\u00f3 en la ciudad, en tanto que al lugar se moviliz\u00f3 personal de Bomberos Voluntarios y una ambulancia. De acuerdo a las [&hellip;]<\/p>\n","protected":false},"author":4,"featured_media":56886,"comment_status":"open","ping_status":"closed","sticky":false,"template":"","format":"standard","meta":{"om_disable_all_campaigns":false,"_jetpack_memberships_contains_paid_content":false,"footnotes":""},"categories":[621],"tags":[],"class_list":["post-56885","post","type-post","status-publish","format-standard","has-post-thumbnail","hentry","category-regionales"],"aioseo_notices":[],"gutentor_comment":0,"jetpack_featured_media_url":"https:\/\/eldiariodesanpedro.com.ar\/sitio\/wp-content\/uploads\/2019\/07\/bbx_84531808_3_28.jpeg","jetpack_shortlink":"https:\/\/wp.me\/p6RhLt-eNv","jetpack_sharing_enabled":true,"_links":{"self":[{"href":"https:\/\/eldiariodesanpedro.com.ar\/sitio\/wp-json\/wp\/v2\/posts\/56885","targetHints":{"allow":["GET"]}}],"collection":[{"href":"https:\/\/eldiariodesanpedro.com.ar\/sitio\/wp-json\/wp\/v2\/posts"}],"about":[{"href":"https:\/\/eldiariodesanpedro.com.ar\/sitio\/wp-json\/wp\/v2\/types\/post"}],"author":[{"embeddable":true,"href":"https:\/\/eldiariodesanpedro.com.ar\/sitio\/wp-json\/wp\/v2\/users\/4"}],"replies":[{"embeddable":true,"href":"https:\/\/eldiariodesanpedro.com.ar\/sitio\/wp-json\/wp\/v2\/comments?post=56885"}],"version-history":[{"count":1,"href":"https:\/\/eldiariodesanpedro.com.ar\/sitio\/wp-json\/wp\/v2\/posts\/56885\/revisions"}],"predecessor-version":[{"id":56887,"href":"https:\/\/eldiariodesanpedro.com.ar\/sitio\/wp-json\/wp\/v2\/posts\/56885\/revisions\/56887"}],"wp:featuredmedia":[{"embeddable":true,"href":"https:\/\/eldiariodesanpedro.com.ar\/sitio\/wp-json\/wp\/v2\/media\/56886"}],"wp:attachment":[{"href":"https:\/\/eldiariodesanpedro.com.ar\/sitio\/wp-json\/wp\/v2\/media?parent=56885"}],"wp:term":[{"taxonomy":"category","embeddable":true,"href":"https:\/\/eldiariodesanpedro.com.ar\/sitio\/wp-json\/wp\/v2\/categories?post=56885"},{"taxonomy":"post_tag","embeddable":true,"href":"https:\/\/eldiariodesanpedro.com.ar\/sitio\/wp-json\/wp\/v2\/tags?post=56885"}],"curies":[{"name":"wp","href":"https:\/\/api.w.org\/{rel}","templated":true}]}}