{"id":56882,"date":"2019-07-25T15:39:53","date_gmt":"2019-07-25T18:39:53","guid":{"rendered":"https:\/\/eldiariodesanpedro.com.ar\/sitio\/?p=56882"},"modified":"2019-07-25T15:39:58","modified_gmt":"2019-07-25T18:39:58","slug":"arrecifes-piden-que-en-algunas-zonas-de-arrecifes-no-puedan-andar-dos-personas-en-moto","status":"publish","type":"post","link":"https:\/\/eldiariodesanpedro.com.ar\/sitio\/arrecifes-piden-que-en-algunas-zonas-de-arrecifes-no-puedan-andar-dos-personas-en-moto\/","title":{"rendered":"ARRECIFES | Piden que, en algunas zonas de Arrecifes, no puedan andar dos personas en moto"},"content":{"rendered":"<!-- VideographyWP Plugin Message: Automatic video embedding prevented by plugin options. -->\n\n<p>Concejales piden una adhesi\u00f3n a la ley provincial 15.143 que establece la restricci\u00f3n de circulaci\u00f3n de dos personas por moto en zonas espec\u00edficas y la obligatoriedad de impresi\u00f3n del n\u00famero de patente en cascos y chalecos.<\/p>\n\n\n\n<p>Por iniciativa del Ministerio de Seguridad de la Provincia de Buenos Aires, en mayo \u00faltimo se sancion\u00f3 una pol\u00e9mica ley para combatir a los motochorros. En lugar de detenerlos y meterlos presos, esta nueva normativa apunta a todos los motociclistas.<\/p>\n\n\n\n<p>La semana pasada se public\u00f3 en el Bolet\u00edn Oficial la ley provincial 15.143 que establece la restricci\u00f3n de circulaci\u00f3n de dos personas por moto en zonas espec\u00edficas y la obligatoriedad de impresi\u00f3n del n\u00famero de patente en cascos y chalecos.<\/p>\n\n\n\n<p>Esta medida, impracticable por lo ins\u00f3lita e injusta, se convierte el rid\u00edcula ante la intenci\u00f3n del bloque de concejales de Cambiemos de aplicarla en Arrecifes. Imaginate que vos vayas en moto con alguien y al ingresar en determinada zona o calle de la ciudad te obliguen a bajar a quien va como acompa\u00f1ante. O si llev\u00e1s a tu hijo al colegio y transit\u00e1s por equis sector, tengas que decirle que siga caminando.<\/p>\n\n\n\n<p>Gustavo Picoy, presentante del proyecto<\/p>\n\n\n\n<p>Por otra parte, para exigirte imprimir el n\u00famero de patente de la moto en cascos y chalecos, primero tendr\u00edamos que circular con cascos y chalecos\u2026<\/p>\n\n\n\n<p>Este proyecto present\u00f3 Cambiemos para tratar en la sesi\u00f3n del Concejo Deliberante de Arrecifes este mi\u00e9rcoles, pidiendo que la Municipalidad adhiera. Aunque al parecer no todo el bloque est\u00e1 de acuerdo.<\/p>\n\n\n\n<p>El presidente de la bancada oficialista, Fernando Marino, manifest\u00f3 en Radio Uno (107.1): \u00abEl proyecto fue presentado por Gustavo Picoy. Tiene todo el derecho de hacerlo, pero particularmente yo no estoy de acuerdo. Esa medida puede ser \u00fatil para partidos del Conurbano, pero no creo que para Arrecifes. Seguramente pasar\u00e1 a comisi\u00f3n\u00bb.<\/p>\n\n\n\n<p>Fuente: Arrecifes Noticias<\/p>\n","protected":false},"excerpt":{"rendered":"<p>Concejales piden una adhesi\u00f3n a la ley provincial 15.143 que establece la restricci\u00f3n de circulaci\u00f3n de dos personas por moto en zonas espec\u00edficas y la obligatoriedad de impresi\u00f3n del n\u00famero de patente en cascos y chalecos. Por iniciativa del Ministerio de Seguridad de la Provincia de Buenos Aires, en mayo \u00faltimo se sancion\u00f3 una pol\u00e9mica [&hellip;]<\/p>\n","protected":false},"author":4,"featured_media":56883,"comment_status":"open","ping_status":"closed","sticky":false,"template":"","format":"standard","meta":{"om_disable_all_campaigns":false,"_jetpack_memberships_contains_paid_content":false,"footnotes":""},"categories":[621],"tags":[],"class_list":["post-56882","post","type-post","status-publish","format-standard","has-post-thumbnail","hentry","category-regionales"],"aioseo_notices":[],"gutentor_comment":0,"jetpack_featured_media_url":"https:\/\/eldiariodesanpedro.com.ar\/sitio\/wp-content\/uploads\/2019\/07\/casco-moto-patente-699x510.jpg","jetpack_shortlink":"https:\/\/wp.me\/p6RhLt-eNs","jetpack_sharing_enabled":true,"_links":{"self":[{"href":"https:\/\/eldiariodesanpedro.com.ar\/sitio\/wp-json\/wp\/v2\/posts\/56882","targetHints":{"allow":["GET"]}}],"collection":[{"href":"https:\/\/eldiariodesanpedro.com.ar\/sitio\/wp-json\/wp\/v2\/posts"}],"about":[{"href":"https:\/\/eldiariodesanpedro.com.ar\/sitio\/wp-json\/wp\/v2\/types\/post"}],"author":[{"embeddable":true,"href":"https:\/\/eldiariodesanpedro.com.ar\/sitio\/wp-json\/wp\/v2\/users\/4"}],"replies":[{"embeddable":true,"href":"https:\/\/eldiariodesanpedro.com.ar\/sitio\/wp-json\/wp\/v2\/comments?post=56882"}],"version-history":[{"count":1,"href":"https:\/\/eldiariodesanpedro.com.ar\/sitio\/wp-json\/wp\/v2\/posts\/56882\/revisions"}],"predecessor-version":[{"id":56884,"href":"https:\/\/eldiariodesanpedro.com.ar\/sitio\/wp-json\/wp\/v2\/posts\/56882\/revisions\/56884"}],"wp:featuredmedia":[{"embeddable":true,"href":"https:\/\/eldiariodesanpedro.com.ar\/sitio\/wp-json\/wp\/v2\/media\/56883"}],"wp:attachment":[{"href":"https:\/\/eldiariodesanpedro.com.ar\/sitio\/wp-json\/wp\/v2\/media?parent=56882"}],"wp:term":[{"taxonomy":"category","embeddable":true,"href":"https:\/\/eldiariodesanpedro.com.ar\/sitio\/wp-json\/wp\/v2\/categories?post=56882"},{"taxonomy":"post_tag","embeddable":true,"href":"https:\/\/eldiariodesanpedro.com.ar\/sitio\/wp-json\/wp\/v2\/tags?post=56882"}],"curies":[{"name":"wp","href":"https:\/\/api.w.org\/{rel}","templated":true}]}}