{"id":56880,"date":"2019-07-25T12:51:06","date_gmt":"2019-07-25T15:51:06","guid":{"rendered":"https:\/\/eldiariodesanpedro.com.ar\/sitio\/?p=56880"},"modified":"2019-07-25T12:51:11","modified_gmt":"2019-07-25T15:51:11","slug":"delincuentes-ingresaron-en-domicilio-y-se-llevaron-cosas-de-valor","status":"publish","type":"post","link":"https:\/\/eldiariodesanpedro.com.ar\/sitio\/delincuentes-ingresaron-en-domicilio-y-se-llevaron-cosas-de-valor\/","title":{"rendered":"Delincuentes ingresaron en domicilio y se llevaron cosas de valor"},"content":{"rendered":"<!-- VideographyWP Plugin Message: Automatic video embedding prevented by plugin options. -->\n\n<p>Este mi\u00e9rcoles se recibi\u00f3 la denuncia de una mujer de 36 a\u00f1os de edad, que el d\u00eda anterior se ausent\u00f3 de su vivienda ubicada en Cruz Roja al 800 moment\u00e1neamente al salir a hacer unas compras, al regresar constat\u00f3 que sujetos ignorados tras cortar candado de puerta principal, ingresaron sustrayendo garrafa de 10 kg azul,, un par de zapatillas desconoce marca grises con blanco, equipo de m\u00fasica \u201cSony\u201d negra.<\/p>\n","protected":false},"excerpt":{"rendered":"<p>Este mi\u00e9rcoles se recibi\u00f3 la denuncia de una mujer de 36 a\u00f1os de edad, que el d\u00eda anterior se ausent\u00f3 de su vivienda ubicada en Cruz Roja al 800 moment\u00e1neamente al salir a hacer unas compras, al regresar constat\u00f3 que sujetos ignorados tras cortar candado de puerta principal, ingresaron sustrayendo garrafa de 10 kg azul,, [&hellip;]<\/p>\n","protected":false},"author":4,"featured_media":56528,"comment_status":"open","ping_status":"closed","sticky":false,"template":"","format":"standard","meta":{"om_disable_all_campaigns":false,"_jetpack_memberships_contains_paid_content":false,"footnotes":""},"categories":[2,103],"tags":[],"class_list":["post-56880","post","type-post","status-publish","format-standard","has-post-thumbnail","hentry","category-locales","category-policiales-locales"],"aioseo_notices":[],"gutentor_comment":0,"jetpack_featured_media_url":"https:\/\/eldiariodesanpedro.com.ar\/sitio\/wp-content\/uploads\/2019\/07\/patrulla66-1024x680.jpg","jetpack_shortlink":"https:\/\/wp.me\/p6RhLt-eNq","jetpack_sharing_enabled":true,"_links":{"self":[{"href":"https:\/\/eldiariodesanpedro.com.ar\/sitio\/wp-json\/wp\/v2\/posts\/56880","targetHints":{"allow":["GET"]}}],"collection":[{"href":"https:\/\/eldiariodesanpedro.com.ar\/sitio\/wp-json\/wp\/v2\/posts"}],"about":[{"href":"https:\/\/eldiariodesanpedro.com.ar\/sitio\/wp-json\/wp\/v2\/types\/post"}],"author":[{"embeddable":true,"href":"https:\/\/eldiariodesanpedro.com.ar\/sitio\/wp-json\/wp\/v2\/users\/4"}],"replies":[{"embeddable":true,"href":"https:\/\/eldiariodesanpedro.com.ar\/sitio\/wp-json\/wp\/v2\/comments?post=56880"}],"version-history":[{"count":1,"href":"https:\/\/eldiariodesanpedro.com.ar\/sitio\/wp-json\/wp\/v2\/posts\/56880\/revisions"}],"predecessor-version":[{"id":56881,"href":"https:\/\/eldiariodesanpedro.com.ar\/sitio\/wp-json\/wp\/v2\/posts\/56880\/revisions\/56881"}],"wp:featuredmedia":[{"embeddable":true,"href":"https:\/\/eldiariodesanpedro.com.ar\/sitio\/wp-json\/wp\/v2\/media\/56528"}],"wp:attachment":[{"href":"https:\/\/eldiariodesanpedro.com.ar\/sitio\/wp-json\/wp\/v2\/media?parent=56880"}],"wp:term":[{"taxonomy":"category","embeddable":true,"href":"https:\/\/eldiariodesanpedro.com.ar\/sitio\/wp-json\/wp\/v2\/categories?post=56880"},{"taxonomy":"post_tag","embeddable":true,"href":"https:\/\/eldiariodesanpedro.com.ar\/sitio\/wp-json\/wp\/v2\/tags?post=56880"}],"curies":[{"name":"wp","href":"https:\/\/api.w.org\/{rel}","templated":true}]}}