{"id":56877,"date":"2019-07-25T12:38:34","date_gmt":"2019-07-25T15:38:34","guid":{"rendered":"https:\/\/eldiariodesanpedro.com.ar\/sitio\/?p=56877"},"modified":"2019-07-25T12:38:38","modified_gmt":"2019-07-25T15:38:38","slug":"varias-denuncias-por-amenazas-y-danos","status":"publish","type":"post","link":"https:\/\/eldiariodesanpedro.com.ar\/sitio\/varias-denuncias-por-amenazas-y-danos\/","title":{"rendered":"Varias denuncias por amenazas y da\u00f1os"},"content":{"rendered":"<!-- VideographyWP Plugin Message: Automatic video embedding prevented by plugin options. -->\n\n<p>Este mi\u00e9rcoles se registraron varios denuncias en la comisar\u00eda local por amenazas y da\u00f1os a propiedades de los denunciantes.<\/p>\n\n\n\n<p>Durante este d\u00eda se recibi\u00f3 la denuncia en primer lugar de un hombre de 29 a\u00f1os edad que en la tarde se encontraba en su domicilio ubicado en Calle Maino y Anibal de Anton declara haber recibido amenazas verbales e intento de ser golpeado con un hierro por otro masculino por problemas de larga data.<\/p>\n\n\n\n<p>El mismo d\u00eda un hombre de 30 a\u00f1os realiz\u00f3 la denuncia que mientras se encontraba en su comercio ubicado en calle Rivadavia y Obligado se hace presente un hombre al que conoce y se acerca a saludarlo pero intenta golpearlo no logrando su cometido, por lo que se aleja y toma un adoqu\u00edn del suelo y lo arroja hacia el autom\u00f3vil del denunciante caus\u00e1ndole da\u00f1os y al retirarse vocifera amenazas verbales.<\/p>\n\n\n\n<p>Tambi\u00e9n en la comisar\u00eda se recibi\u00f3 otra denuncia de un hombre de 60 que dia anterior horas de la noche, escucha ruidos en patio trasero de su vivienda, lugar este en donde constata da\u00f1o puerta y ventana habitaci\u00f3n, sin hallar faltantes.<br><\/p>\n","protected":false},"excerpt":{"rendered":"<p>Este mi\u00e9rcoles se registraron varios denuncias en la comisar\u00eda local por amenazas y da\u00f1os a propiedades de los denunciantes. Durante este d\u00eda se recibi\u00f3 la denuncia en primer lugar de un hombre de 29 a\u00f1os edad que en la tarde se encontraba en su domicilio ubicado en Calle Maino y Anibal de Anton declara haber [&hellip;]<\/p>\n","protected":false},"author":4,"featured_media":56681,"comment_status":"open","ping_status":"closed","sticky":false,"template":"","format":"standard","meta":{"om_disable_all_campaigns":false,"_jetpack_memberships_contains_paid_content":false,"footnotes":""},"categories":[2,103],"tags":[],"class_list":["post-56877","post","type-post","status-publish","format-standard","has-post-thumbnail","hentry","category-locales","category-policiales-locales"],"aioseo_notices":[],"gutentor_comment":0,"jetpack_featured_media_url":"https:\/\/eldiariodesanpedro.com.ar\/sitio\/wp-content\/uploads\/2019\/07\/comisaria_san_pedro-_foto_la_opinion.jpg","jetpack_shortlink":"https:\/\/wp.me\/p6RhLt-eNn","jetpack_sharing_enabled":true,"_links":{"self":[{"href":"https:\/\/eldiariodesanpedro.com.ar\/sitio\/wp-json\/wp\/v2\/posts\/56877","targetHints":{"allow":["GET"]}}],"collection":[{"href":"https:\/\/eldiariodesanpedro.com.ar\/sitio\/wp-json\/wp\/v2\/posts"}],"about":[{"href":"https:\/\/eldiariodesanpedro.com.ar\/sitio\/wp-json\/wp\/v2\/types\/post"}],"author":[{"embeddable":true,"href":"https:\/\/eldiariodesanpedro.com.ar\/sitio\/wp-json\/wp\/v2\/users\/4"}],"replies":[{"embeddable":true,"href":"https:\/\/eldiariodesanpedro.com.ar\/sitio\/wp-json\/wp\/v2\/comments?post=56877"}],"version-history":[{"count":1,"href":"https:\/\/eldiariodesanpedro.com.ar\/sitio\/wp-json\/wp\/v2\/posts\/56877\/revisions"}],"predecessor-version":[{"id":56878,"href":"https:\/\/eldiariodesanpedro.com.ar\/sitio\/wp-json\/wp\/v2\/posts\/56877\/revisions\/56878"}],"wp:featuredmedia":[{"embeddable":true,"href":"https:\/\/eldiariodesanpedro.com.ar\/sitio\/wp-json\/wp\/v2\/media\/56681"}],"wp:attachment":[{"href":"https:\/\/eldiariodesanpedro.com.ar\/sitio\/wp-json\/wp\/v2\/media?parent=56877"}],"wp:term":[{"taxonomy":"category","embeddable":true,"href":"https:\/\/eldiariodesanpedro.com.ar\/sitio\/wp-json\/wp\/v2\/categories?post=56877"},{"taxonomy":"post_tag","embeddable":true,"href":"https:\/\/eldiariodesanpedro.com.ar\/sitio\/wp-json\/wp\/v2\/tags?post=56877"}],"curies":[{"name":"wp","href":"https:\/\/api.w.org\/{rel}","templated":true}]}}