{"id":56872,"date":"2019-07-25T12:24:06","date_gmt":"2019-07-25T15:24:06","guid":{"rendered":"https:\/\/eldiariodesanpedro.com.ar\/sitio\/?p=56872"},"modified":"2019-07-25T12:27:12","modified_gmt":"2019-07-25T15:27:12","slug":"se-aprehende-una-personas-con-estupefacientes","status":"publish","type":"post","link":"https:\/\/eldiariodesanpedro.com.ar\/sitio\/se-aprehende-una-personas-con-estupefacientes\/","title":{"rendered":"Se aprehende personas con estupefacientes"},"content":{"rendered":"<!-- VideographyWP Plugin Message: Automatic video embedding prevented by plugin options. -->\n\n<p>En total fueron tres los aprehendidos por tenencia ilegal de estupefacientes quienes tambi\u00e9n en ambos operativos se le secuestr\u00f3 un arma blanca. <\/p>\n\n\n\n<p>Este mi\u00e9rcoles en horas de las noches pasadas las 20 hs el personal de la comisar\u00eda local en el marco de los continuos operativos en calle Manuel Iglesias y Hermano Indio proceden a la aprehensi\u00f3n de masculino 29 a\u00f1os, a quien se le secuestr\u00f3 en su poder\u00a0 envoltorio de nylon negro conteniendo 2 gr de marihuana y un cuchillo tipo navaja color negro con hoja met\u00e1lica color negra.<\/p>\n\n\n\n<p>Durante la madrugada\u00a0 de este jueves  en la intersecci\u00f3n de las calles Javier Rivero y Saavedra, tambi\u00e9n se aprehendi\u00f3 a dos masculinos de 29 a\u00f1os de edad, a quienes se les secuestr\u00f3 en su poder un arma blanca y envoltorios de coca\u00edna de escaso pesaje. En el proceder se resistieron sin resultar personal policial lesionado. Permanecen alojados a disposici\u00f3n judicial.<\/p>\n","protected":false},"excerpt":{"rendered":"<p>En total fueron tres los aprehendidos por tenencia ilegal de estupefacientes quienes tambi\u00e9n en ambos operativos se le secuestr\u00f3 un arma blanca. Este mi\u00e9rcoles en horas de las noches pasadas las 20 hs el personal de la comisar\u00eda local en el marco de los continuos operativos en calle Manuel Iglesias y Hermano Indio proceden a [&hellip;]<\/p>\n","protected":false},"author":4,"featured_media":56535,"comment_status":"open","ping_status":"closed","sticky":false,"template":"","format":"standard","meta":{"om_disable_all_campaigns":false,"_jetpack_memberships_contains_paid_content":false,"footnotes":""},"categories":[2,103],"tags":[],"class_list":["post-56872","post","type-post","status-publish","format-standard","has-post-thumbnail","hentry","category-locales","category-policiales-locales"],"aioseo_notices":[],"gutentor_comment":0,"jetpack_featured_media_url":"https:\/\/eldiariodesanpedro.com.ar\/sitio\/wp-content\/uploads\/2019\/07\/aprehendido.jpg","jetpack_shortlink":"https:\/\/wp.me\/p6RhLt-eNi","jetpack_sharing_enabled":true,"_links":{"self":[{"href":"https:\/\/eldiariodesanpedro.com.ar\/sitio\/wp-json\/wp\/v2\/posts\/56872","targetHints":{"allow":["GET"]}}],"collection":[{"href":"https:\/\/eldiariodesanpedro.com.ar\/sitio\/wp-json\/wp\/v2\/posts"}],"about":[{"href":"https:\/\/eldiariodesanpedro.com.ar\/sitio\/wp-json\/wp\/v2\/types\/post"}],"author":[{"embeddable":true,"href":"https:\/\/eldiariodesanpedro.com.ar\/sitio\/wp-json\/wp\/v2\/users\/4"}],"replies":[{"embeddable":true,"href":"https:\/\/eldiariodesanpedro.com.ar\/sitio\/wp-json\/wp\/v2\/comments?post=56872"}],"version-history":[{"count":3,"href":"https:\/\/eldiariodesanpedro.com.ar\/sitio\/wp-json\/wp\/v2\/posts\/56872\/revisions"}],"predecessor-version":[{"id":56876,"href":"https:\/\/eldiariodesanpedro.com.ar\/sitio\/wp-json\/wp\/v2\/posts\/56872\/revisions\/56876"}],"wp:featuredmedia":[{"embeddable":true,"href":"https:\/\/eldiariodesanpedro.com.ar\/sitio\/wp-json\/wp\/v2\/media\/56535"}],"wp:attachment":[{"href":"https:\/\/eldiariodesanpedro.com.ar\/sitio\/wp-json\/wp\/v2\/media?parent=56872"}],"wp:term":[{"taxonomy":"category","embeddable":true,"href":"https:\/\/eldiariodesanpedro.com.ar\/sitio\/wp-json\/wp\/v2\/categories?post=56872"},{"taxonomy":"post_tag","embeddable":true,"href":"https:\/\/eldiariodesanpedro.com.ar\/sitio\/wp-json\/wp\/v2\/tags?post=56872"}],"curies":[{"name":"wp","href":"https:\/\/api.w.org\/{rel}","templated":true}]}}