{"id":5687,"date":"2016-07-03T20:31:34","date_gmt":"2016-07-03T23:31:34","guid":{"rendered":"https:\/\/eldiariodesanpedro.com.ar\/sitio\/?p=5687"},"modified":"2016-07-03T20:31:34","modified_gmt":"2016-07-03T23:31:34","slug":"los-haberes-de-los-nuevos-jubilados-desde-agosto-seran-un-163-mas-altos","status":"publish","type":"post","link":"https:\/\/eldiariodesanpedro.com.ar\/sitio\/los-haberes-de-los-nuevos-jubilados-desde-agosto-seran-un-163-mas-altos\/","title":{"rendered":"Los haberes de los nuevos jubilados desde agosto ser\u00e1n un 16,3% m\u00e1s altos"},"content":{"rendered":"<p><!-- VideographyWP Plugin Message: Automatic video embedding prevented by plugin options. --><br \/>\nLa semana pasada se public\u00f3 en el Bolet\u00edn Oficial el decreto 807\/2016 que define el \u00edndice de actualizaci\u00f3n de las remuneraciones para los afiliados al Sistema Integrado Previsional Argentino (SIPA), que comenzar\u00e1 a aplicarse en el c\u00e1lculo de las prestaciones previsionales que se otorguen con alta mensual agosto.<br \/>\nPor esta raz\u00f3n, el nuevo c\u00e1lculo se realizar\u00e1 aplicando, en toda la extensi\u00f3n del per\u00edodo, \u00edndices salariales que reflejen la evoluci\u00f3n de las remuneraciones, corrigiendo el problema se\u00f1alado por la Corte Suprema de Justicia de la Naci\u00f3n de falta de actualizaci\u00f3n o insuficiente entre 1991 y la Ley de Movilidad Jubilatoria. Se trata de las remuneraciones que son tomadas en cuenta para calcular la jubilaci\u00f3n, mejorando los coeficientes actuales.<br \/>\nEl Director Ejecutivo de la ANSES, Emilio Basavilbaso, inform\u00f3 que, con este decreto, los haberes de quienes se jubilen a partir de agosto ser\u00e1n un 16,3% m\u00e1s altos.<br \/>\nAsimismo, la ANSES informa que hoy, 4 de julio, cobran los titulares de las Prestaciones No Contributivas cuyos documentos terminan en 2 y 3. Los calendarios de pagos de todas las prestaciones pueden consultarse en www.anses.gob.ar.<\/p>\n","protected":false},"excerpt":{"rendered":"<p>La semana pasada se public\u00f3 en el Bolet\u00edn Oficial el decreto 807\/2016 que define el \u00edndice de actualizaci\u00f3n de las remuneraciones para los afiliados al Sistema Integrado Previsional Argentino (SIPA), que comenzar\u00e1 a aplicarse en el c\u00e1lculo de las prestaciones previsionales que se otorguen con alta mensual agosto. Por esta raz\u00f3n, el nuevo c\u00e1lculo se [&hellip;]<\/p>\n","protected":false},"author":4,"featured_media":5688,"comment_status":"open","ping_status":"closed","sticky":false,"template":"","format":"standard","meta":{"om_disable_all_campaigns":false,"_jetpack_memberships_contains_paid_content":false,"footnotes":""},"categories":[101,2],"tags":[],"class_list":["post-5687","post","type-post","status-publish","format-standard","has-post-thumbnail","hentry","category-interes-general-locales","category-locales"],"aioseo_notices":[],"gutentor_comment":0,"jetpack_featured_media_url":"https:\/\/eldiariodesanpedro.com.ar\/sitio\/wp-content\/uploads\/2016\/07\/16906-030716_jubilados.jpg","jetpack_shortlink":"https:\/\/wp.me\/p6RhLt-1tJ","jetpack_sharing_enabled":true,"_links":{"self":[{"href":"https:\/\/eldiariodesanpedro.com.ar\/sitio\/wp-json\/wp\/v2\/posts\/5687","targetHints":{"allow":["GET"]}}],"collection":[{"href":"https:\/\/eldiariodesanpedro.com.ar\/sitio\/wp-json\/wp\/v2\/posts"}],"about":[{"href":"https:\/\/eldiariodesanpedro.com.ar\/sitio\/wp-json\/wp\/v2\/types\/post"}],"author":[{"embeddable":true,"href":"https:\/\/eldiariodesanpedro.com.ar\/sitio\/wp-json\/wp\/v2\/users\/4"}],"replies":[{"embeddable":true,"href":"https:\/\/eldiariodesanpedro.com.ar\/sitio\/wp-json\/wp\/v2\/comments?post=5687"}],"version-history":[{"count":1,"href":"https:\/\/eldiariodesanpedro.com.ar\/sitio\/wp-json\/wp\/v2\/posts\/5687\/revisions"}],"predecessor-version":[{"id":5689,"href":"https:\/\/eldiariodesanpedro.com.ar\/sitio\/wp-json\/wp\/v2\/posts\/5687\/revisions\/5689"}],"wp:featuredmedia":[{"embeddable":true,"href":"https:\/\/eldiariodesanpedro.com.ar\/sitio\/wp-json\/wp\/v2\/media\/5688"}],"wp:attachment":[{"href":"https:\/\/eldiariodesanpedro.com.ar\/sitio\/wp-json\/wp\/v2\/media?parent=5687"}],"wp:term":[{"taxonomy":"category","embeddable":true,"href":"https:\/\/eldiariodesanpedro.com.ar\/sitio\/wp-json\/wp\/v2\/categories?post=5687"},{"taxonomy":"post_tag","embeddable":true,"href":"https:\/\/eldiariodesanpedro.com.ar\/sitio\/wp-json\/wp\/v2\/tags?post=5687"}],"curies":[{"name":"wp","href":"https:\/\/api.w.org\/{rel}","templated":true}]}}