{"id":56869,"date":"2019-07-25T10:29:27","date_gmt":"2019-07-25T13:29:27","guid":{"rendered":"https:\/\/eldiariodesanpedro.com.ar\/sitio\/?p=56869"},"modified":"2019-07-25T10:29:31","modified_gmt":"2019-07-25T13:29:31","slug":"chofer-pirata-allanamiento-en-supermercado-chino-de-santa-lucia","status":"publish","type":"post","link":"https:\/\/eldiariodesanpedro.com.ar\/sitio\/chofer-pirata-allanamiento-en-supermercado-chino-de-santa-lucia\/","title":{"rendered":"Chofer Pirata: Allanamiento en supermercado chino de Santa Luc\u00eda"},"content":{"rendered":"<!-- VideographyWP Plugin Message: Automatic video embedding prevented by plugin options. -->\n\n<p>Sucedi\u00f3 en un supermercado chino y est\u00e1 relacionado con la banda que integraba el sampedrino Leonardo Macelli. Se secuestraron productos similares a los sustra\u00eddos por los imputados.<br><\/p>\n\n\n\n<p>Personal de la Sub DDI San Pedro- Baradero allan\u00f3 el jueves un supermercado chino en la localidad de Santa Luc\u00eda. El operativo estuvo relacionado con el caso de piratas del asfalto y entre quienes se encuentra detenido el sampedrino y ex empleado municipal Leonardo Macelli.<\/p>\n\n\n\n<p>Seg\u00fan trascendi\u00f3 el operativo estuvo centrado en la relaci\u00f3n que guardar\u00eda el propietario del comercio allanado con algunos de los supermercados chinos allanados durante los operativos del 9 de junio pasado.&nbsp;<\/p>\n\n\n\n<p>La polic\u00eda secuestr\u00f3 varios productos de la l\u00ednea Unilever similares a los que fueron sustra\u00eddos por la banda en un atraco cometido d\u00edas antes a la detenci\u00f3n de los acusados.&nbsp;<\/p>\n\n\n\n<p>Por este caso son cinco los detenidos quienes cumplir\u00edan distintos roles en el accionar del grupo.<\/p>\n\n\n\n<p>Fuente: San Pedro Informa<\/p>\n\n\n","protected":false},"excerpt":{"rendered":"<p>Sucedi\u00f3 en un supermercado chino y est\u00e1 relacionado con la banda que integraba el sampedrino Leonardo Macelli. Se secuestraron productos similares a los sustra\u00eddos por los imputados. Personal de la Sub DDI San Pedro- Baradero allan\u00f3 el jueves un supermercado chino en la localidad de Santa Luc\u00eda. El operativo estuvo relacionado con el caso de [&hellip;]<\/p>\n","protected":false},"author":4,"featured_media":56870,"comment_status":"open","ping_status":"closed","sticky":false,"template":"","format":"standard","meta":{"om_disable_all_campaigns":false,"_jetpack_memberships_contains_paid_content":false,"footnotes":""},"categories":[2,103],"tags":[],"class_list":["post-56869","post","type-post","status-publish","format-standard","has-post-thumbnail","hentry","category-locales","category-policiales-locales"],"aioseo_notices":[],"gutentor_comment":0,"jetpack_featured_media_url":"https:\/\/eldiariodesanpedro.com.ar\/sitio\/wp-content\/uploads\/2019\/07\/000078616.jpg","jetpack_shortlink":"https:\/\/wp.me\/p6RhLt-eNf","jetpack_sharing_enabled":true,"_links":{"self":[{"href":"https:\/\/eldiariodesanpedro.com.ar\/sitio\/wp-json\/wp\/v2\/posts\/56869","targetHints":{"allow":["GET"]}}],"collection":[{"href":"https:\/\/eldiariodesanpedro.com.ar\/sitio\/wp-json\/wp\/v2\/posts"}],"about":[{"href":"https:\/\/eldiariodesanpedro.com.ar\/sitio\/wp-json\/wp\/v2\/types\/post"}],"author":[{"embeddable":true,"href":"https:\/\/eldiariodesanpedro.com.ar\/sitio\/wp-json\/wp\/v2\/users\/4"}],"replies":[{"embeddable":true,"href":"https:\/\/eldiariodesanpedro.com.ar\/sitio\/wp-json\/wp\/v2\/comments?post=56869"}],"version-history":[{"count":1,"href":"https:\/\/eldiariodesanpedro.com.ar\/sitio\/wp-json\/wp\/v2\/posts\/56869\/revisions"}],"predecessor-version":[{"id":56871,"href":"https:\/\/eldiariodesanpedro.com.ar\/sitio\/wp-json\/wp\/v2\/posts\/56869\/revisions\/56871"}],"wp:featuredmedia":[{"embeddable":true,"href":"https:\/\/eldiariodesanpedro.com.ar\/sitio\/wp-json\/wp\/v2\/media\/56870"}],"wp:attachment":[{"href":"https:\/\/eldiariodesanpedro.com.ar\/sitio\/wp-json\/wp\/v2\/media?parent=56869"}],"wp:term":[{"taxonomy":"category","embeddable":true,"href":"https:\/\/eldiariodesanpedro.com.ar\/sitio\/wp-json\/wp\/v2\/categories?post=56869"},{"taxonomy":"post_tag","embeddable":true,"href":"https:\/\/eldiariodesanpedro.com.ar\/sitio\/wp-json\/wp\/v2\/tags?post=56869"}],"curies":[{"name":"wp","href":"https:\/\/api.w.org\/{rel}","templated":true}]}}