{"id":56866,"date":"2019-07-25T10:25:44","date_gmt":"2019-07-25T13:25:44","guid":{"rendered":"https:\/\/eldiariodesanpedro.com.ar\/sitio\/?p=56866"},"modified":"2019-07-25T10:25:48","modified_gmt":"2019-07-25T13:25:48","slug":"bomberos-rescato-un-perro-que-habia-caido-en-el-pozo-de-un-bano","status":"publish","type":"post","link":"https:\/\/eldiariodesanpedro.com.ar\/sitio\/bomberos-rescato-un-perro-que-habia-caido-en-el-pozo-de-un-bano\/","title":{"rendered":"Bomberos rescat\u00f3 un perro que hab\u00eda ca\u00eddo en el pozo de un ba\u00f1o"},"content":{"rendered":"<!-- VideographyWP Plugin Message: Automatic video embedding prevented by plugin options. -->\n\n<p>Una cachorro de tan solo 25 d\u00edas cay\u00f3 por el pozo de un viejo ba\u00f1o en una casa ubicada en Almafuerte y Oliveira Cesar. Fue rescatado en perfectas condiciones.\u00a0<\/p>\n\n\n\n<p>Promediando la ma\u00f1ana del mi\u00e9rcoles se produjo un incidente en una vivienda ubicada en Almafuerte y Oliveira Cesar. En ese lugar un cachorro de tan solo 25 d\u00edas hab\u00eda ca\u00eddo al pozo de un ba\u00f1o en desuso que se encontraba en el patio del lugar.<\/p>\n\n\n\n<p>Una dotaci\u00f3n del cuerpo de Bomberos Voluntarios fue convocada para rescatar al perrito ya que se encontraba en la parte m\u00e1s profunda de la c\u00e1mara.<\/p>\n\n\n\n<p>Se trabaj\u00f3 durante unos 40 minutos, donde se tuvo que romper parte del piso para ganar lugar y poder llegar hasta donde estaba el animal.&nbsp;<\/p>\n\n\n\n<p>Uno de los Bomberos, de nombre Manuel Torrens, logr\u00f3 meter m\u00e1s de medio cuerpo en el pozo y as\u00ed pudo agarrar al perro y rescatarlo sin que sufriera lesi\u00f3n alguna.\u00a0\u00a0<\/p>\n\n\n\n<p>Fuente: San Pedro Informa<\/p>\n\n\n\n<p><br><\/p>\n","protected":false},"excerpt":{"rendered":"<p>Una cachorro de tan solo 25 d\u00edas cay\u00f3 por el pozo de un viejo ba\u00f1o en una casa ubicada en Almafuerte y Oliveira Cesar. Fue rescatado en perfectas condiciones.\u00a0 Promediando la ma\u00f1ana del mi\u00e9rcoles se produjo un incidente en una vivienda ubicada en Almafuerte y Oliveira Cesar. En ese lugar un cachorro de tan solo [&hellip;]<\/p>\n","protected":false},"author":4,"featured_media":56867,"comment_status":"open","ping_status":"closed","sticky":false,"template":"","format":"standard","meta":{"om_disable_all_campaigns":false,"_jetpack_memberships_contains_paid_content":false,"footnotes":""},"categories":[101,2],"tags":[],"class_list":["post-56866","post","type-post","status-publish","format-standard","has-post-thumbnail","hentry","category-interes-general-locales","category-locales"],"aioseo_notices":[],"gutentor_comment":0,"jetpack_featured_media_url":"https:\/\/eldiariodesanpedro.com.ar\/sitio\/wp-content\/uploads\/2019\/07\/000078600.jpg","jetpack_shortlink":"https:\/\/wp.me\/p6RhLt-eNc","jetpack_sharing_enabled":true,"_links":{"self":[{"href":"https:\/\/eldiariodesanpedro.com.ar\/sitio\/wp-json\/wp\/v2\/posts\/56866","targetHints":{"allow":["GET"]}}],"collection":[{"href":"https:\/\/eldiariodesanpedro.com.ar\/sitio\/wp-json\/wp\/v2\/posts"}],"about":[{"href":"https:\/\/eldiariodesanpedro.com.ar\/sitio\/wp-json\/wp\/v2\/types\/post"}],"author":[{"embeddable":true,"href":"https:\/\/eldiariodesanpedro.com.ar\/sitio\/wp-json\/wp\/v2\/users\/4"}],"replies":[{"embeddable":true,"href":"https:\/\/eldiariodesanpedro.com.ar\/sitio\/wp-json\/wp\/v2\/comments?post=56866"}],"version-history":[{"count":1,"href":"https:\/\/eldiariodesanpedro.com.ar\/sitio\/wp-json\/wp\/v2\/posts\/56866\/revisions"}],"predecessor-version":[{"id":56868,"href":"https:\/\/eldiariodesanpedro.com.ar\/sitio\/wp-json\/wp\/v2\/posts\/56866\/revisions\/56868"}],"wp:featuredmedia":[{"embeddable":true,"href":"https:\/\/eldiariodesanpedro.com.ar\/sitio\/wp-json\/wp\/v2\/media\/56867"}],"wp:attachment":[{"href":"https:\/\/eldiariodesanpedro.com.ar\/sitio\/wp-json\/wp\/v2\/media?parent=56866"}],"wp:term":[{"taxonomy":"category","embeddable":true,"href":"https:\/\/eldiariodesanpedro.com.ar\/sitio\/wp-json\/wp\/v2\/categories?post=56866"},{"taxonomy":"post_tag","embeddable":true,"href":"https:\/\/eldiariodesanpedro.com.ar\/sitio\/wp-json\/wp\/v2\/tags?post=56866"}],"curies":[{"name":"wp","href":"https:\/\/api.w.org\/{rel}","templated":true}]}}