{"id":56862,"date":"2019-07-25T10:24:00","date_gmt":"2019-07-25T13:24:00","guid":{"rendered":"https:\/\/eldiariodesanpedro.com.ar\/sitio\/?p=56862"},"modified":"2019-07-25T10:24:04","modified_gmt":"2019-07-25T13:24:04","slug":"charla-sobre-parkinson-en-el-hospital-privado-sadiv","status":"publish","type":"post","link":"https:\/\/eldiariodesanpedro.com.ar\/sitio\/charla-sobre-parkinson-en-el-hospital-privado-sadiv\/","title":{"rendered":"Charla sobre Parkinson en el Hospital Privado Sadiv"},"content":{"rendered":"<!-- VideographyWP Plugin Message: Automatic video embedding prevented by plugin options. -->\n\n<p>Continuando con el ciclo iniciado semanas atr\u00e1s este viernes se ofrecer\u00e1 una nueva disertaci\u00f3n a cargo del Dr.\u00a0Tom\u00e1s De La Riestra. <\/p>\n\n\n\n<p>El pr\u00f3ximo viernes a las 20 horas, el auditorio del Hospital Sadiv ser\u00e1 escenario de una nueva charla abierta a toda la comunidad.\u00a0<\/p>\n\n\n\n<p>En esta oportunidad disertar\u00e1&nbsp;el M\u00e9dico Neur\u00f3logo Tom\u00e1s De La Riestra, quien har\u00e1 una exposici\u00f3n sobre la enfermedad conocida como mal de Parkinson.<\/p>\n\n\n\n<p>Este ciclo de charlas abiertas al vecino tiene como objetivo informar a la poblaci\u00f3n sobre estilos de vida saludable y sobre una de las enfermedades que cada vez afecta a muchas m\u00e1s personas y se manifiesta como cr\u00f3nica y degenerativa del sistema nervioso, que se caracteriza por falta de coordinaci\u00f3n y rigidez muscular y temblores.<\/p>\n\n\n\n<p>Fuente: San Pedro Informa<\/p>\n\n\n\n<figure class=\"wp-block-image\"><img decoding=\"async\" width=\"1024\" height=\"1024\" data-attachment-id=\"56863\" data-permalink=\"https:\/\/eldiariodesanpedro.com.ar\/sitio\/charla-sobre-parkinson-en-el-hospital-privado-sadiv\/5-flyer-charla-parkinson\/\" data-orig-file=\"https:\/\/eldiariodesanpedro.com.ar\/sitio\/wp-content\/uploads\/2019\/07\/5.-Flyer-charla-Parkinson.jpg\" data-orig-size=\"2500,2500\" data-comments-opened=\"1\" data-image-meta=\"{&quot;aperture&quot;:&quot;0&quot;,&quot;credit&quot;:&quot;&quot;,&quot;camera&quot;:&quot;&quot;,&quot;caption&quot;:&quot;&quot;,&quot;created_timestamp&quot;:&quot;0&quot;,&quot;copyright&quot;:&quot;&quot;,&quot;focal_length&quot;:&quot;0&quot;,&quot;iso&quot;:&quot;0&quot;,&quot;shutter_speed&quot;:&quot;0&quot;,&quot;title&quot;:&quot;&quot;,&quot;orientation&quot;:&quot;0&quot;}\" data-image-title=\"5. Flyer charla Parkinson\" data-image-description=\"\" data-image-caption=\"\" data-large-file=\"https:\/\/eldiariodesanpedro.com.ar\/sitio\/wp-content\/uploads\/2019\/07\/5.-Flyer-charla-Parkinson-1024x1024.jpg\" data-src=\"https:\/\/eldiariodesanpedro.com.ar\/sitio\/wp-content\/uploads\/2019\/07\/5.-Flyer-charla-Parkinson-1024x1024.jpg\" alt=\"\" class=\"wp-image-56863 lazyload\" data-srcset=\"https:\/\/eldiariodesanpedro.com.ar\/sitio\/wp-content\/uploads\/2019\/07\/5.-Flyer-charla-Parkinson-1024x1024.jpg 1024w, https:\/\/eldiariodesanpedro.com.ar\/sitio\/wp-content\/uploads\/2019\/07\/5.-Flyer-charla-Parkinson-150x150.jpg 150w, https:\/\/eldiariodesanpedro.com.ar\/sitio\/wp-content\/uploads\/2019\/07\/5.-Flyer-charla-Parkinson-300x300.jpg 300w, https:\/\/eldiariodesanpedro.com.ar\/sitio\/wp-content\/uploads\/2019\/07\/5.-Flyer-charla-Parkinson-768x768.jpg 768w\" data-sizes=\"(max-width: 1024px) 100vw, 1024px\" src=\"data:image\/svg+xml;base64,PHN2ZyB3aWR0aD0iMSIgaGVpZ2h0PSIxIiB4bWxucz0iaHR0cDovL3d3dy53My5vcmcvMjAwMC9zdmciPjwvc3ZnPg==\" style=\"--smush-placeholder-width: 1024px; --smush-placeholder-aspect-ratio: 1024\/1024;\" \/><\/figure>\n","protected":false},"excerpt":{"rendered":"<p>Continuando con el ciclo iniciado semanas atr\u00e1s este viernes se ofrecer\u00e1 una nueva disertaci\u00f3n a cargo del Dr.\u00a0Tom\u00e1s De La Riestra. El pr\u00f3ximo viernes a las 20 horas, el auditorio del Hospital Sadiv ser\u00e1 escenario de una nueva charla abierta a toda la comunidad.\u00a0 En esta oportunidad disertar\u00e1&nbsp;el M\u00e9dico Neur\u00f3logo Tom\u00e1s De La Riestra, quien [&hellip;]<\/p>\n","protected":false},"author":4,"featured_media":56864,"comment_status":"open","ping_status":"closed","sticky":false,"template":"","format":"standard","meta":{"om_disable_all_campaigns":false,"_jetpack_memberships_contains_paid_content":false,"footnotes":""},"categories":[101,2],"tags":[],"class_list":["post-56862","post","type-post","status-publish","format-standard","has-post-thumbnail","hentry","category-interes-general-locales","category-locales"],"aioseo_notices":[],"gutentor_comment":0,"jetpack_featured_media_url":"https:\/\/eldiariodesanpedro.com.ar\/sitio\/wp-content\/uploads\/2019\/07\/000078608.jpg","jetpack_shortlink":"https:\/\/wp.me\/p6RhLt-eN8","jetpack_sharing_enabled":true,"_links":{"self":[{"href":"https:\/\/eldiariodesanpedro.com.ar\/sitio\/wp-json\/wp\/v2\/posts\/56862","targetHints":{"allow":["GET"]}}],"collection":[{"href":"https:\/\/eldiariodesanpedro.com.ar\/sitio\/wp-json\/wp\/v2\/posts"}],"about":[{"href":"https:\/\/eldiariodesanpedro.com.ar\/sitio\/wp-json\/wp\/v2\/types\/post"}],"author":[{"embeddable":true,"href":"https:\/\/eldiariodesanpedro.com.ar\/sitio\/wp-json\/wp\/v2\/users\/4"}],"replies":[{"embeddable":true,"href":"https:\/\/eldiariodesanpedro.com.ar\/sitio\/wp-json\/wp\/v2\/comments?post=56862"}],"version-history":[{"count":1,"href":"https:\/\/eldiariodesanpedro.com.ar\/sitio\/wp-json\/wp\/v2\/posts\/56862\/revisions"}],"predecessor-version":[{"id":56865,"href":"https:\/\/eldiariodesanpedro.com.ar\/sitio\/wp-json\/wp\/v2\/posts\/56862\/revisions\/56865"}],"wp:featuredmedia":[{"embeddable":true,"href":"https:\/\/eldiariodesanpedro.com.ar\/sitio\/wp-json\/wp\/v2\/media\/56864"}],"wp:attachment":[{"href":"https:\/\/eldiariodesanpedro.com.ar\/sitio\/wp-json\/wp\/v2\/media?parent=56862"}],"wp:term":[{"taxonomy":"category","embeddable":true,"href":"https:\/\/eldiariodesanpedro.com.ar\/sitio\/wp-json\/wp\/v2\/categories?post=56862"},{"taxonomy":"post_tag","embeddable":true,"href":"https:\/\/eldiariodesanpedro.com.ar\/sitio\/wp-json\/wp\/v2\/tags?post=56862"}],"curies":[{"name":"wp","href":"https:\/\/api.w.org\/{rel}","templated":true}]}}