{"id":56857,"date":"2019-07-25T09:17:41","date_gmt":"2019-07-25T12:17:41","guid":{"rendered":"https:\/\/eldiariodesanpedro.com.ar\/sitio\/?p=56857"},"modified":"2019-07-25T09:17:45","modified_gmt":"2019-07-25T12:17:45","slug":"el-brocal-un-emprendimiento-productivo-que-crece-a-nivel-nacional-y-genera-trabajo","status":"publish","type":"post","link":"https:\/\/eldiariodesanpedro.com.ar\/sitio\/el-brocal-un-emprendimiento-productivo-que-crece-a-nivel-nacional-y-genera-trabajo\/","title":{"rendered":"El Brocal: un emprendimiento productivo que crece a nivel nacional y genera trabajo"},"content":{"rendered":"<!-- VideographyWP Plugin Message: Automatic video embedding prevented by plugin options. -->\n\n<p>Este mi\u00e9rcoles, el Secretario de Desarrollo Econ\u00f3mico, Alfredo Camilletti y la Presidenta del Fogaba, Lic. Magdalena Aguerre, junto a su equipo de trabajo integrado por sus asesores Lic. Mario Lombardi y Macarena Bruno Hernando, visitaron El Brocal, una pyme local productora de mermelada a quien vienen acompa\u00f1ando en su crecimiento y expansi\u00f3n.\u00a0<\/p>\n\n\n\n<p>Sus due\u00f1os Oscar y Nicol\u00e1s Aboy, comentaron c\u00f3mo surgi\u00f3 el emprendimiento y c\u00f3mo lograron crecer en los \u00faltimos a\u00f1os, logrando instalar la marca en los principales supermercados de Argentina, y ahora est\u00e1n trabajando en la posibilidad de exportar a EEUU.<\/p>\n\n\n\n<p>Durante el recorrido por la f\u00e1brica que estaba en plena producci\u00f3n, comentaron sus desaf\u00edos, sus avances y el detalle de c\u00f3mo lograron este a\u00f1o crecer en el mercado interno.<\/p>\n\n\n\n<ul class=\"wp-block-gallery columns-2 is-cropped wp-block-gallery-1 is-layout-flex wp-block-gallery-is-layout-flex\"><li class=\"blocks-gallery-item\"><figure><img decoding=\"async\" width=\"960\" height=\"639\" data-attachment-id=\"56858\" data-permalink=\"https:\/\/eldiariodesanpedro.com.ar\/sitio\/el-brocal-un-emprendimiento-productivo-que-crece-a-nivel-nacional-y-genera-trabajo\/67070377_2365936646834330_4879498257492869120_n-1\/\" data-orig-file=\"https:\/\/eldiariodesanpedro.com.ar\/sitio\/wp-content\/uploads\/2019\/07\/67070377_2365936646834330_4879498257492869120_n-1.jpg\" data-orig-size=\"960,639\" data-comments-opened=\"1\" data-image-meta=\"{&quot;aperture&quot;:&quot;0&quot;,&quot;credit&quot;:&quot;&quot;,&quot;camera&quot;:&quot;&quot;,&quot;caption&quot;:&quot;&quot;,&quot;created_timestamp&quot;:&quot;0&quot;,&quot;copyright&quot;:&quot;&quot;,&quot;focal_length&quot;:&quot;0&quot;,&quot;iso&quot;:&quot;0&quot;,&quot;shutter_speed&quot;:&quot;0&quot;,&quot;title&quot;:&quot;&quot;,&quot;orientation&quot;:&quot;0&quot;}\" data-image-title=\"67070377_2365936646834330_4879498257492869120_n (1)\" data-image-description=\"\" data-image-caption=\"\" data-large-file=\"https:\/\/eldiariodesanpedro.com.ar\/sitio\/wp-content\/uploads\/2019\/07\/67070377_2365936646834330_4879498257492869120_n-1.jpg\" data-src=\"https:\/\/eldiariodesanpedro.com.ar\/sitio\/wp-content\/uploads\/2019\/07\/67070377_2365936646834330_4879498257492869120_n-1.jpg\" alt=\"\" data-id=\"56858\" data-link=\"https:\/\/eldiariodesanpedro.com.ar\/sitio\/?attachment_id=56858\" class=\"wp-image-56858 lazyload\" data-srcset=\"https:\/\/eldiariodesanpedro.com.ar\/sitio\/wp-content\/uploads\/2019\/07\/67070377_2365936646834330_4879498257492869120_n-1.jpg 960w, https:\/\/eldiariodesanpedro.com.ar\/sitio\/wp-content\/uploads\/2019\/07\/67070377_2365936646834330_4879498257492869120_n-1-300x200.jpg 300w, https:\/\/eldiariodesanpedro.com.ar\/sitio\/wp-content\/uploads\/2019\/07\/67070377_2365936646834330_4879498257492869120_n-1-768x511.jpg 768w\" data-sizes=\"(max-width: 960px) 100vw, 960px\" src=\"data:image\/svg+xml;base64,PHN2ZyB3aWR0aD0iMSIgaGVpZ2h0PSIxIiB4bWxucz0iaHR0cDovL3d3dy53My5vcmcvMjAwMC9zdmciPjwvc3ZnPg==\" style=\"--smush-placeholder-width: 960px; --smush-placeholder-aspect-ratio: 960\/639;\" \/><\/figure><\/li><li class=\"blocks-gallery-item\"><figure><img decoding=\"async\" width=\"960\" height=\"639\" data-attachment-id=\"56859\" data-permalink=\"https:\/\/eldiariodesanpedro.com.ar\/sitio\/el-brocal-un-emprendimiento-productivo-que-crece-a-nivel-nacional-y-genera-trabajo\/67492237_2365936626834332_8242003341505200128_n\/\" data-orig-file=\"https:\/\/eldiariodesanpedro.com.ar\/sitio\/wp-content\/uploads\/2019\/07\/67492237_2365936626834332_8242003341505200128_n.jpg\" data-orig-size=\"960,639\" data-comments-opened=\"1\" data-image-meta=\"{&quot;aperture&quot;:&quot;0&quot;,&quot;credit&quot;:&quot;&quot;,&quot;camera&quot;:&quot;&quot;,&quot;caption&quot;:&quot;&quot;,&quot;created_timestamp&quot;:&quot;0&quot;,&quot;copyright&quot;:&quot;&quot;,&quot;focal_length&quot;:&quot;0&quot;,&quot;iso&quot;:&quot;0&quot;,&quot;shutter_speed&quot;:&quot;0&quot;,&quot;title&quot;:&quot;&quot;,&quot;orientation&quot;:&quot;0&quot;}\" data-image-title=\"67492237_2365936626834332_8242003341505200128_n\" data-image-description=\"\" data-image-caption=\"\" data-large-file=\"https:\/\/eldiariodesanpedro.com.ar\/sitio\/wp-content\/uploads\/2019\/07\/67492237_2365936626834332_8242003341505200128_n.jpg\" data-src=\"https:\/\/eldiariodesanpedro.com.ar\/sitio\/wp-content\/uploads\/2019\/07\/67492237_2365936626834332_8242003341505200128_n.jpg\" alt=\"\" data-id=\"56859\" data-link=\"https:\/\/eldiariodesanpedro.com.ar\/sitio\/?attachment_id=56859\" class=\"wp-image-56859 lazyload\" data-srcset=\"https:\/\/eldiariodesanpedro.com.ar\/sitio\/wp-content\/uploads\/2019\/07\/67492237_2365936626834332_8242003341505200128_n.jpg 960w, https:\/\/eldiariodesanpedro.com.ar\/sitio\/wp-content\/uploads\/2019\/07\/67492237_2365936626834332_8242003341505200128_n-300x200.jpg 300w, https:\/\/eldiariodesanpedro.com.ar\/sitio\/wp-content\/uploads\/2019\/07\/67492237_2365936626834332_8242003341505200128_n-768x511.jpg 768w\" data-sizes=\"(max-width: 960px) 100vw, 960px\" src=\"data:image\/svg+xml;base64,PHN2ZyB3aWR0aD0iMSIgaGVpZ2h0PSIxIiB4bWxucz0iaHR0cDovL3d3dy53My5vcmcvMjAwMC9zdmciPjwvc3ZnPg==\" style=\"--smush-placeholder-width: 960px; --smush-placeholder-aspect-ratio: 960\/639;\" \/><\/figure><\/li><\/ul>\n","protected":false},"excerpt":{"rendered":"<p>Este mi\u00e9rcoles, el Secretario de Desarrollo Econ\u00f3mico, Alfredo Camilletti y la Presidenta del Fogaba, Lic. Magdalena Aguerre, junto a su equipo de trabajo integrado por sus asesores Lic. Mario Lombardi y Macarena Bruno Hernando, visitaron El Brocal, una pyme local productora de mermelada a quien vienen acompa\u00f1ando en su crecimiento y expansi\u00f3n.\u00a0 Sus due\u00f1os Oscar [&hellip;]<\/p>\n","protected":false},"author":4,"featured_media":56860,"comment_status":"open","ping_status":"closed","sticky":false,"template":"","format":"standard","meta":{"om_disable_all_campaigns":false,"_jetpack_memberships_contains_paid_content":false,"footnotes":""},"categories":[101,2],"tags":[],"class_list":["post-56857","post","type-post","status-publish","format-standard","has-post-thumbnail","hentry","category-interes-general-locales","category-locales"],"aioseo_notices":[],"gutentor_comment":0,"jetpack_featured_media_url":"https:\/\/eldiariodesanpedro.com.ar\/sitio\/wp-content\/uploads\/2019\/07\/67617087_2365936616834333_1611977517692878848_n.jpg","jetpack_shortlink":"https:\/\/wp.me\/p6RhLt-eN3","jetpack_sharing_enabled":true,"_links":{"self":[{"href":"https:\/\/eldiariodesanpedro.com.ar\/sitio\/wp-json\/wp\/v2\/posts\/56857","targetHints":{"allow":["GET"]}}],"collection":[{"href":"https:\/\/eldiariodesanpedro.com.ar\/sitio\/wp-json\/wp\/v2\/posts"}],"about":[{"href":"https:\/\/eldiariodesanpedro.com.ar\/sitio\/wp-json\/wp\/v2\/types\/post"}],"author":[{"embeddable":true,"href":"https:\/\/eldiariodesanpedro.com.ar\/sitio\/wp-json\/wp\/v2\/users\/4"}],"replies":[{"embeddable":true,"href":"https:\/\/eldiariodesanpedro.com.ar\/sitio\/wp-json\/wp\/v2\/comments?post=56857"}],"version-history":[{"count":1,"href":"https:\/\/eldiariodesanpedro.com.ar\/sitio\/wp-json\/wp\/v2\/posts\/56857\/revisions"}],"predecessor-version":[{"id":56861,"href":"https:\/\/eldiariodesanpedro.com.ar\/sitio\/wp-json\/wp\/v2\/posts\/56857\/revisions\/56861"}],"wp:featuredmedia":[{"embeddable":true,"href":"https:\/\/eldiariodesanpedro.com.ar\/sitio\/wp-json\/wp\/v2\/media\/56860"}],"wp:attachment":[{"href":"https:\/\/eldiariodesanpedro.com.ar\/sitio\/wp-json\/wp\/v2\/media?parent=56857"}],"wp:term":[{"taxonomy":"category","embeddable":true,"href":"https:\/\/eldiariodesanpedro.com.ar\/sitio\/wp-json\/wp\/v2\/categories?post=56857"},{"taxonomy":"post_tag","embeddable":true,"href":"https:\/\/eldiariodesanpedro.com.ar\/sitio\/wp-json\/wp\/v2\/tags?post=56857"}],"curies":[{"name":"wp","href":"https:\/\/api.w.org\/{rel}","templated":true}]}}