{"id":56851,"date":"2019-07-25T09:06:09","date_gmt":"2019-07-25T12:06:09","guid":{"rendered":"https:\/\/eldiariodesanpedro.com.ar\/sitio\/?p=56851"},"modified":"2019-07-25T09:06:13","modified_gmt":"2019-07-25T12:06:13","slug":"inclusion-encuentro-de-la-escuela-de-deportes-adaptados","status":"publish","type":"post","link":"https:\/\/eldiariodesanpedro.com.ar\/sitio\/inclusion-encuentro-de-la-escuela-de-deportes-adaptados\/","title":{"rendered":"Inclusi\u00f3n: Encuentro de la Escuela de Deportes Adaptados"},"content":{"rendered":"<!-- VideographyWP Plugin Message: Automatic video embedding prevented by plugin options. -->\n\n<p> Con la presencia del Intendente Municipal Cecilio Salazar, miembros de su equipo, del HCD y del Consejo Escolar, se desarroll\u00f3 en el Estadio Municipal, un encuentro de la Escuela de Deportes Adaptados.<\/p>\n\n\n\n<p>El mismo tuvo como objetivo principal pasar un buen momento juntos, sumado a la pr\u00e1ctica y entrenamiento de varias disciplinas de cara a los pr\u00f3ximos Juegos Bonaerenses en Mar del Plata.<\/p>\n\n\n\n<p>Es importante destacar, que la Secretar\u00eda de Desarrollo Humano cre\u00f3 en el a\u00f1o 2017, un Programa Municipal de inclusi\u00f3n social y educaci\u00f3n no formal, denominado \u201cAnimate Vos Val\u00e9s\u201d. <\/p>\n\n\n\n<p>El prop\u00f3sito es realizar un trabajo de prevenci\u00f3n y promoci\u00f3n social, y llegar gradualmente a todos los barrios y localidades con deportes, talleres culturales y de oficios, abarcando la poblaci\u00f3n infantil, j\u00f3venes , adultos y adultos mayores.<\/p>\n\n\n\n<p>Este Programa sigue creciendo cumpliendo sus objetivos, incluyendo este a\u00f1o un Proyecto de Deporte Adaptado para preadolescentes y adolescentes con discapacidades visuales, par\u00e1lisis cerebral, motores, s\u00edndromes de down, etc. A partir del mismo, la Escuela de Deportes Adaptados incorpor\u00f3 m\u00e1s de 30 alumnos que realizan sus pr\u00e1cticas en el Estadio Municipal.<\/p>\n\n\n\n<p>A lo largo del a\u00f1o, los profesores especializados en este tipo de deportes, los preparan en atletismo, f\u00fatbol y otros deportes, para participar de los Juegos Bonaerenses y de encuentros deportivos con localidades vecinas. <\/p>\n\n\n\n<ul class=\"wp-block-gallery columns-3 is-cropped wp-block-gallery-1 is-layout-flex wp-block-gallery-is-layout-flex\"><li class=\"blocks-gallery-item\"><figure><img decoding=\"async\" width=\"645\" height=\"428\" data-attachment-id=\"56852\" data-permalink=\"https:\/\/eldiariodesanpedro.com.ar\/sitio\/inclusion-encuentro-de-la-escuela-de-deportes-adaptados\/_dsc0004\/\" data-orig-file=\"https:\/\/eldiariodesanpedro.com.ar\/sitio\/wp-content\/uploads\/2019\/07\/DSC0004.jpg\" data-orig-size=\"645,428\" data-comments-opened=\"1\" data-image-meta=\"{&quot;aperture&quot;:&quot;9&quot;,&quot;credit&quot;:&quot;&quot;,&quot;camera&quot;:&quot;NIKON D90&quot;,&quot;caption&quot;:&quot;&quot;,&quot;created_timestamp&quot;:&quot;1563971349&quot;,&quot;copyright&quot;:&quot;&quot;,&quot;focal_length&quot;:&quot;18&quot;,&quot;iso&quot;:&quot;200&quot;,&quot;shutter_speed&quot;:&quot;0.003125&quot;,&quot;title&quot;:&quot;&quot;,&quot;orientation&quot;:&quot;1&quot;}\" data-image-title=\"_DSC0004\" data-image-description=\"\" data-image-caption=\"\" data-large-file=\"https:\/\/eldiariodesanpedro.com.ar\/sitio\/wp-content\/uploads\/2019\/07\/DSC0004.jpg\" data-src=\"https:\/\/eldiariodesanpedro.com.ar\/sitio\/wp-content\/uploads\/2019\/07\/DSC0004.jpg\" alt=\"\" data-id=\"56852\" data-link=\"https:\/\/eldiariodesanpedro.com.ar\/sitio\/?attachment_id=56852\" class=\"wp-image-56852 lazyload\" data-srcset=\"https:\/\/eldiariodesanpedro.com.ar\/sitio\/wp-content\/uploads\/2019\/07\/DSC0004.jpg 645w, https:\/\/eldiariodesanpedro.com.ar\/sitio\/wp-content\/uploads\/2019\/07\/DSC0004-300x199.jpg 300w\" data-sizes=\"(max-width: 645px) 100vw, 645px\" src=\"data:image\/svg+xml;base64,PHN2ZyB3aWR0aD0iMSIgaGVpZ2h0PSIxIiB4bWxucz0iaHR0cDovL3d3dy53My5vcmcvMjAwMC9zdmciPjwvc3ZnPg==\" style=\"--smush-placeholder-width: 645px; --smush-placeholder-aspect-ratio: 645\/428;\" \/><\/figure><\/li><li class=\"blocks-gallery-item\"><figure><img decoding=\"async\" width=\"628\" height=\"309\" data-attachment-id=\"56853\" data-permalink=\"https:\/\/eldiariodesanpedro.com.ar\/sitio\/inclusion-encuentro-de-la-escuela-de-deportes-adaptados\/_dsc0104\/\" data-orig-file=\"https:\/\/eldiariodesanpedro.com.ar\/sitio\/wp-content\/uploads\/2019\/07\/DSC0104.jpg\" data-orig-size=\"628,309\" data-comments-opened=\"1\" data-image-meta=\"{&quot;aperture&quot;:&quot;5.6&quot;,&quot;credit&quot;:&quot;&quot;,&quot;camera&quot;:&quot;NIKON D90&quot;,&quot;caption&quot;:&quot;&quot;,&quot;created_timestamp&quot;:&quot;1563973354&quot;,&quot;copyright&quot;:&quot;&quot;,&quot;focal_length&quot;:&quot;18&quot;,&quot;iso&quot;:&quot;200&quot;,&quot;shutter_speed&quot;:&quot;0.033333333333333&quot;,&quot;title&quot;:&quot;&quot;,&quot;orientation&quot;:&quot;1&quot;}\" data-image-title=\"_DSC0104\" data-image-description=\"\" data-image-caption=\"\" data-large-file=\"https:\/\/eldiariodesanpedro.com.ar\/sitio\/wp-content\/uploads\/2019\/07\/DSC0104.jpg\" data-src=\"https:\/\/eldiariodesanpedro.com.ar\/sitio\/wp-content\/uploads\/2019\/07\/DSC0104.jpg\" alt=\"\" data-id=\"56853\" data-link=\"https:\/\/eldiariodesanpedro.com.ar\/sitio\/?attachment_id=56853\" class=\"wp-image-56853 lazyload\" data-srcset=\"https:\/\/eldiariodesanpedro.com.ar\/sitio\/wp-content\/uploads\/2019\/07\/DSC0104.jpg 628w, https:\/\/eldiariodesanpedro.com.ar\/sitio\/wp-content\/uploads\/2019\/07\/DSC0104-300x148.jpg 300w\" data-sizes=\"(max-width: 628px) 100vw, 628px\" src=\"data:image\/svg+xml;base64,PHN2ZyB3aWR0aD0iMSIgaGVpZ2h0PSIxIiB4bWxucz0iaHR0cDovL3d3dy53My5vcmcvMjAwMC9zdmciPjwvc3ZnPg==\" style=\"--smush-placeholder-width: 628px; --smush-placeholder-aspect-ratio: 628\/309;\" \/><\/figure><\/li><li class=\"blocks-gallery-item\"><figure><img decoding=\"async\" width=\"857\" height=\"569\" data-attachment-id=\"56854\" data-permalink=\"https:\/\/eldiariodesanpedro.com.ar\/sitio\/inclusion-encuentro-de-la-escuela-de-deportes-adaptados\/_dsc0155\/\" data-orig-file=\"https:\/\/eldiariodesanpedro.com.ar\/sitio\/wp-content\/uploads\/2019\/07\/DSC0155.jpg\" data-orig-size=\"857,569\" data-comments-opened=\"1\" data-image-meta=\"{&quot;aperture&quot;:&quot;13&quot;,&quot;credit&quot;:&quot;&quot;,&quot;camera&quot;:&quot;NIKON D90&quot;,&quot;caption&quot;:&quot;&quot;,&quot;created_timestamp&quot;:&quot;1563974143&quot;,&quot;copyright&quot;:&quot;&quot;,&quot;focal_length&quot;:&quot;18&quot;,&quot;iso&quot;:&quot;200&quot;,&quot;shutter_speed&quot;:&quot;0.00625&quot;,&quot;title&quot;:&quot;&quot;,&quot;orientation&quot;:&quot;1&quot;}\" data-image-title=\"_DSC0155\" data-image-description=\"\" data-image-caption=\"\" data-large-file=\"https:\/\/eldiariodesanpedro.com.ar\/sitio\/wp-content\/uploads\/2019\/07\/DSC0155.jpg\" data-src=\"https:\/\/eldiariodesanpedro.com.ar\/sitio\/wp-content\/uploads\/2019\/07\/DSC0155.jpg\" alt=\"\" data-id=\"56854\" data-link=\"https:\/\/eldiariodesanpedro.com.ar\/sitio\/?attachment_id=56854\" class=\"wp-image-56854 lazyload\" data-srcset=\"https:\/\/eldiariodesanpedro.com.ar\/sitio\/wp-content\/uploads\/2019\/07\/DSC0155.jpg 857w, https:\/\/eldiariodesanpedro.com.ar\/sitio\/wp-content\/uploads\/2019\/07\/DSC0155-300x199.jpg 300w, https:\/\/eldiariodesanpedro.com.ar\/sitio\/wp-content\/uploads\/2019\/07\/DSC0155-768x510.jpg 768w\" data-sizes=\"(max-width: 857px) 100vw, 857px\" src=\"data:image\/svg+xml;base64,PHN2ZyB3aWR0aD0iMSIgaGVpZ2h0PSIxIiB4bWxucz0iaHR0cDovL3d3dy53My5vcmcvMjAwMC9zdmciPjwvc3ZnPg==\" style=\"--smush-placeholder-width: 857px; --smush-placeholder-aspect-ratio: 857\/569;\" \/><\/figure><\/li><li class=\"blocks-gallery-item\"><figure><img decoding=\"async\" width=\"656\" height=\"435\" data-attachment-id=\"56855\" data-permalink=\"https:\/\/eldiariodesanpedro.com.ar\/sitio\/inclusion-encuentro-de-la-escuela-de-deportes-adaptados\/_dsc0204\/\" data-orig-file=\"https:\/\/eldiariodesanpedro.com.ar\/sitio\/wp-content\/uploads\/2019\/07\/DSC0204.jpg\" data-orig-size=\"656,435\" data-comments-opened=\"1\" data-image-meta=\"{&quot;aperture&quot;:&quot;10&quot;,&quot;credit&quot;:&quot;&quot;,&quot;camera&quot;:&quot;NIKON D90&quot;,&quot;caption&quot;:&quot;&quot;,&quot;created_timestamp&quot;:&quot;1563974626&quot;,&quot;copyright&quot;:&quot;&quot;,&quot;focal_length&quot;:&quot;18&quot;,&quot;iso&quot;:&quot;200&quot;,&quot;shutter_speed&quot;:&quot;0.01&quot;,&quot;title&quot;:&quot;&quot;,&quot;orientation&quot;:&quot;1&quot;}\" data-image-title=\"_DSC0204\" data-image-description=\"\" data-image-caption=\"\" data-large-file=\"https:\/\/eldiariodesanpedro.com.ar\/sitio\/wp-content\/uploads\/2019\/07\/DSC0204.jpg\" data-src=\"https:\/\/eldiariodesanpedro.com.ar\/sitio\/wp-content\/uploads\/2019\/07\/DSC0204.jpg\" alt=\"\" data-id=\"56855\" data-link=\"https:\/\/eldiariodesanpedro.com.ar\/sitio\/?attachment_id=56855\" class=\"wp-image-56855 lazyload\" data-srcset=\"https:\/\/eldiariodesanpedro.com.ar\/sitio\/wp-content\/uploads\/2019\/07\/DSC0204.jpg 656w, https:\/\/eldiariodesanpedro.com.ar\/sitio\/wp-content\/uploads\/2019\/07\/DSC0204-300x199.jpg 300w\" data-sizes=\"(max-width: 656px) 100vw, 656px\" src=\"data:image\/svg+xml;base64,PHN2ZyB3aWR0aD0iMSIgaGVpZ2h0PSIxIiB4bWxucz0iaHR0cDovL3d3dy53My5vcmcvMjAwMC9zdmciPjwvc3ZnPg==\" style=\"--smush-placeholder-width: 656px; --smush-placeholder-aspect-ratio: 656\/435;\" \/><\/figure><\/li><\/ul>\n","protected":false},"excerpt":{"rendered":"<p>Con la presencia del Intendente Municipal Cecilio Salazar, miembros de su equipo, del HCD y del Consejo Escolar, se desarroll\u00f3 en el Estadio Municipal, un encuentro de la Escuela de Deportes Adaptados. El mismo tuvo como objetivo principal pasar un buen momento juntos, sumado a la pr\u00e1ctica y entrenamiento de varias disciplinas de cara a [&hellip;]<\/p>\n","protected":false},"author":4,"featured_media":56855,"comment_status":"open","ping_status":"closed","sticky":false,"template":"","format":"standard","meta":{"om_disable_all_campaigns":false,"_jetpack_memberships_contains_paid_content":false,"footnotes":""},"categories":[101,2],"tags":[],"class_list":["post-56851","post","type-post","status-publish","format-standard","has-post-thumbnail","hentry","category-interes-general-locales","category-locales"],"aioseo_notices":[],"gutentor_comment":0,"jetpack_featured_media_url":"https:\/\/eldiariodesanpedro.com.ar\/sitio\/wp-content\/uploads\/2019\/07\/DSC0204.jpg","jetpack_shortlink":"https:\/\/wp.me\/p6RhLt-eMX","jetpack_sharing_enabled":true,"_links":{"self":[{"href":"https:\/\/eldiariodesanpedro.com.ar\/sitio\/wp-json\/wp\/v2\/posts\/56851","targetHints":{"allow":["GET"]}}],"collection":[{"href":"https:\/\/eldiariodesanpedro.com.ar\/sitio\/wp-json\/wp\/v2\/posts"}],"about":[{"href":"https:\/\/eldiariodesanpedro.com.ar\/sitio\/wp-json\/wp\/v2\/types\/post"}],"author":[{"embeddable":true,"href":"https:\/\/eldiariodesanpedro.com.ar\/sitio\/wp-json\/wp\/v2\/users\/4"}],"replies":[{"embeddable":true,"href":"https:\/\/eldiariodesanpedro.com.ar\/sitio\/wp-json\/wp\/v2\/comments?post=56851"}],"version-history":[{"count":1,"href":"https:\/\/eldiariodesanpedro.com.ar\/sitio\/wp-json\/wp\/v2\/posts\/56851\/revisions"}],"predecessor-version":[{"id":56856,"href":"https:\/\/eldiariodesanpedro.com.ar\/sitio\/wp-json\/wp\/v2\/posts\/56851\/revisions\/56856"}],"wp:featuredmedia":[{"embeddable":true,"href":"https:\/\/eldiariodesanpedro.com.ar\/sitio\/wp-json\/wp\/v2\/media\/56855"}],"wp:attachment":[{"href":"https:\/\/eldiariodesanpedro.com.ar\/sitio\/wp-json\/wp\/v2\/media?parent=56851"}],"wp:term":[{"taxonomy":"category","embeddable":true,"href":"https:\/\/eldiariodesanpedro.com.ar\/sitio\/wp-json\/wp\/v2\/categories?post=56851"},{"taxonomy":"post_tag","embeddable":true,"href":"https:\/\/eldiariodesanpedro.com.ar\/sitio\/wp-json\/wp\/v2\/tags?post=56851"}],"curies":[{"name":"wp","href":"https:\/\/api.w.org\/{rel}","templated":true}]}}