{"id":56848,"date":"2019-07-25T08:49:58","date_gmt":"2019-07-25T11:49:58","guid":{"rendered":"https:\/\/eldiariodesanpedro.com.ar\/sitio\/?p=56848"},"modified":"2019-07-25T08:50:03","modified_gmt":"2019-07-25T11:50:03","slug":"coopser-comunicado-cortes-de-energia","status":"publish","type":"post","link":"https:\/\/eldiariodesanpedro.com.ar\/sitio\/coopser-comunicado-cortes-de-energia\/","title":{"rendered":"Coopser: Comunicado cortes de energ\u00eda"},"content":{"rendered":"<!-- VideographyWP Plugin Message: Automatic video embedding prevented by plugin options. -->\n\n<p>Coopser informa un corte de energ\u00eda el\u00e9ctrica por tareas de mantenimiento para este viernes 26 de julio abarcando las siguientes zonas de 8 a 13 horas:\u00a0<br><br>Camino al Aeroclub del 4100 al 5500<br>Camino al Aeroclub &#8211; Callej\u00f3n Acosta: en su totalidad<br>Callej\u00f3n Bossi: en su totalidad<br>Callej\u00f3n Carugati<br>Camino a Tablas del 5700 al 6800<br>Callej\u00f3n Costa del 0 al 500<\/p>\n\n\n\n<p><strong>En caso de mal tiempo sera reprogramado.<\/strong><\/p>\n","protected":false},"excerpt":{"rendered":"<p>Coopser informa un corte de energ\u00eda el\u00e9ctrica por tareas de mantenimiento para este viernes 26 de julio abarcando las siguientes zonas de 8 a 13 horas:\u00a0 Camino al Aeroclub del 4100 al 5500Camino al Aeroclub &#8211; Callej\u00f3n Acosta: en su totalidadCallej\u00f3n Bossi: en su totalidadCallej\u00f3n CarugatiCamino a Tablas del 5700 al 6800Callej\u00f3n Costa del 0 [&hellip;]<\/p>\n","protected":false},"author":4,"featured_media":56849,"comment_status":"open","ping_status":"closed","sticky":false,"template":"","format":"standard","meta":{"om_disable_all_campaigns":false,"_jetpack_memberships_contains_paid_content":false,"footnotes":""},"categories":[101,2],"tags":[],"class_list":["post-56848","post","type-post","status-publish","format-standard","has-post-thumbnail","hentry","category-interes-general-locales","category-locales"],"aioseo_notices":[],"gutentor_comment":0,"jetpack_featured_media_url":"https:\/\/eldiariodesanpedro.com.ar\/sitio\/wp-content\/uploads\/2019\/07\/Dependencias_Central-e1564055154488.jpg","jetpack_shortlink":"https:\/\/wp.me\/p6RhLt-eMU","jetpack_sharing_enabled":true,"_links":{"self":[{"href":"https:\/\/eldiariodesanpedro.com.ar\/sitio\/wp-json\/wp\/v2\/posts\/56848","targetHints":{"allow":["GET"]}}],"collection":[{"href":"https:\/\/eldiariodesanpedro.com.ar\/sitio\/wp-json\/wp\/v2\/posts"}],"about":[{"href":"https:\/\/eldiariodesanpedro.com.ar\/sitio\/wp-json\/wp\/v2\/types\/post"}],"author":[{"embeddable":true,"href":"https:\/\/eldiariodesanpedro.com.ar\/sitio\/wp-json\/wp\/v2\/users\/4"}],"replies":[{"embeddable":true,"href":"https:\/\/eldiariodesanpedro.com.ar\/sitio\/wp-json\/wp\/v2\/comments?post=56848"}],"version-history":[{"count":1,"href":"https:\/\/eldiariodesanpedro.com.ar\/sitio\/wp-json\/wp\/v2\/posts\/56848\/revisions"}],"predecessor-version":[{"id":56850,"href":"https:\/\/eldiariodesanpedro.com.ar\/sitio\/wp-json\/wp\/v2\/posts\/56848\/revisions\/56850"}],"wp:featuredmedia":[{"embeddable":true,"href":"https:\/\/eldiariodesanpedro.com.ar\/sitio\/wp-json\/wp\/v2\/media\/56849"}],"wp:attachment":[{"href":"https:\/\/eldiariodesanpedro.com.ar\/sitio\/wp-json\/wp\/v2\/media?parent=56848"}],"wp:term":[{"taxonomy":"category","embeddable":true,"href":"https:\/\/eldiariodesanpedro.com.ar\/sitio\/wp-json\/wp\/v2\/categories?post=56848"},{"taxonomy":"post_tag","embeddable":true,"href":"https:\/\/eldiariodesanpedro.com.ar\/sitio\/wp-json\/wp\/v2\/tags?post=56848"}],"curies":[{"name":"wp","href":"https:\/\/api.w.org\/{rel}","templated":true}]}}