{"id":56844,"date":"2019-07-24T18:34:26","date_gmt":"2019-07-24T21:34:26","guid":{"rendered":"https:\/\/eldiariodesanpedro.com.ar\/sitio\/?p=56844"},"modified":"2019-07-24T18:34:30","modified_gmt":"2019-07-24T21:34:30","slug":"baradero-a-p-a-n-d-los-golpes-estan-pero-no-tienen-que-ver-con-la-muerte-de-zurita-confirmo-el-fiscal","status":"publish","type":"post","link":"https:\/\/eldiariodesanpedro.com.ar\/sitio\/baradero-a-p-a-n-d-los-golpes-estan-pero-no-tienen-que-ver-con-la-muerte-de-zurita-confirmo-el-fiscal\/","title":{"rendered":"BARADERO: A.P.A.N.D.: Los golpes est\u00e1n, pero no tienen que ver con la muerte de Zurita\u201d confirm\u00f3 el fiscal"},"content":{"rendered":"<!-- VideographyWP Plugin Message: Automatic video embedding prevented by plugin options. -->\n\n<p>\n\n\u00abLa v\u00edctima muere por razones naturales\u00bb afirm\u00f3 el Fiscal que entiende en la causa<\/p>\n\n\n\n<p>El Doctor Vicente G\u00f3mez, titular &nbsp;de la UFI 9, dio a conocer detelles a \u00abTiempo Noticias\u00bb sobre la causa de Zurita. Lo cierto es que se llev\u00f3 a cabo un allanamiento en la sede de A.P.A.N.D.<\/p>\n\n\n\n<p>\u00abHoy estar\u00eda el informe m\u00e9dico forense, tenemos un informe preliminar de la doctora que realizo la autopsia\u00bb, dijo G\u00f3mez.<\/p>\n\n\n\n<p>Seg\u00fan \u00abla autopsia, la v\u00edctima muere por razones naturales. Los golpes est\u00e1n caratuladas como lesiones leves. Los golpes no tienen relaci\u00f3n con la muerte\u00bb.<\/p>\n\n\n\n<p>\u00abSe allan\u00f3 la vivienda de un masculino por incitaci\u00f3n a la violencia y delito, no est\u00e1 aprehendido, se \u00a0identific\u00f3, se recolectaron pruebas y se est\u00e1 analizando la situaci\u00f3n del mismo\u00bb, inform\u00f3 luego.<\/p>\n\n\n\n<p>FUENTE: TIEMPO NOTICIAS<\/p>\n","protected":false},"excerpt":{"rendered":"<p>\u00abLa v\u00edctima muere por razones naturales\u00bb afirm\u00f3 el Fiscal que entiende en la causa El Doctor Vicente G\u00f3mez, titular &nbsp;de la UFI 9, dio a conocer detelles a \u00abTiempo Noticias\u00bb sobre la causa de Zurita. Lo cierto es que se llev\u00f3 a cabo un allanamiento en la sede de A.P.A.N.D. \u00abHoy estar\u00eda el informe m\u00e9dico [&hellip;]<\/p>\n","protected":false},"author":4,"featured_media":56511,"comment_status":"open","ping_status":"closed","sticky":false,"template":"","format":"standard","meta":{"om_disable_all_campaigns":false,"_jetpack_memberships_contains_paid_content":false,"footnotes":""},"categories":[621],"tags":[],"class_list":["post-56844","post","type-post","status-publish","format-standard","has-post-thumbnail","hentry","category-regionales"],"aioseo_notices":[],"gutentor_comment":0,"jetpack_featured_media_url":"https:\/\/eldiariodesanpedro.com.ar\/sitio\/wp-content\/uploads\/2019\/07\/91dbee22-aa12-4eaa-b3ab-87d001ebd836-768x1024.jpg","jetpack_shortlink":"https:\/\/wp.me\/p6RhLt-eMQ","jetpack_sharing_enabled":true,"_links":{"self":[{"href":"https:\/\/eldiariodesanpedro.com.ar\/sitio\/wp-json\/wp\/v2\/posts\/56844","targetHints":{"allow":["GET"]}}],"collection":[{"href":"https:\/\/eldiariodesanpedro.com.ar\/sitio\/wp-json\/wp\/v2\/posts"}],"about":[{"href":"https:\/\/eldiariodesanpedro.com.ar\/sitio\/wp-json\/wp\/v2\/types\/post"}],"author":[{"embeddable":true,"href":"https:\/\/eldiariodesanpedro.com.ar\/sitio\/wp-json\/wp\/v2\/users\/4"}],"replies":[{"embeddable":true,"href":"https:\/\/eldiariodesanpedro.com.ar\/sitio\/wp-json\/wp\/v2\/comments?post=56844"}],"version-history":[{"count":1,"href":"https:\/\/eldiariodesanpedro.com.ar\/sitio\/wp-json\/wp\/v2\/posts\/56844\/revisions"}],"predecessor-version":[{"id":56845,"href":"https:\/\/eldiariodesanpedro.com.ar\/sitio\/wp-json\/wp\/v2\/posts\/56844\/revisions\/56845"}],"wp:featuredmedia":[{"embeddable":true,"href":"https:\/\/eldiariodesanpedro.com.ar\/sitio\/wp-json\/wp\/v2\/media\/56511"}],"wp:attachment":[{"href":"https:\/\/eldiariodesanpedro.com.ar\/sitio\/wp-json\/wp\/v2\/media?parent=56844"}],"wp:term":[{"taxonomy":"category","embeddable":true,"href":"https:\/\/eldiariodesanpedro.com.ar\/sitio\/wp-json\/wp\/v2\/categories?post=56844"},{"taxonomy":"post_tag","embeddable":true,"href":"https:\/\/eldiariodesanpedro.com.ar\/sitio\/wp-json\/wp\/v2\/tags?post=56844"}],"curies":[{"name":"wp","href":"https:\/\/api.w.org\/{rel}","templated":true}]}}