{"id":56840,"date":"2019-07-24T17:27:36","date_gmt":"2019-07-24T20:27:36","guid":{"rendered":"https:\/\/eldiariodesanpedro.com.ar\/sitio\/?p=56840"},"modified":"2019-07-24T17:27:41","modified_gmt":"2019-07-24T20:27:41","slug":"dos-aprehendidos-con-pedido-de-captura-activa","status":"publish","type":"post","link":"https:\/\/eldiariodesanpedro.com.ar\/sitio\/dos-aprehendidos-con-pedido-de-captura-activa\/","title":{"rendered":"Dos aprehendidos con pedido de captura activa"},"content":{"rendered":"<!-- VideographyWP Plugin Message: Automatic video embedding prevented by plugin options. -->\n\n<p>En el marco de operativos dispuesto por la superioridad personal de Jefatura Departamental San Nicol\u00e1s GAD procedi\u00f3 a la aprehensi\u00f3n de dos sujetos interceptados en la v\u00eda p\u00fablica.<\/p>\n\n\n\n<p>Las aprehensiones sucedieron en distintas direcciones durante la tarde del mi\u00e9rcoles.<\/p>\n\n\n\n<p>La primera se produjo en intersecci\u00f3n de las calle Liniers y Las Provincias cuando un ciudadano de 38 a\u00f1os de edad es interceptado por los efectivos, cursando sus datos en el sistema inform\u00e1tico policial para su identificaci\u00f3n registra pedido de captura activo en causa 3278 con fecha de alta el 18 de julio del 2017 bajo la car\u00e1tula de encubrimiento agravado por delito grave.<\/p>\n\n\n\n<figure class=\"wp-block-image\"><img decoding=\"async\" width=\"589\" height=\"1024\" data-attachment-id=\"56839\" data-permalink=\"https:\/\/eldiariodesanpedro.com.ar\/sitio\/img-20190724-wa0035\/\" data-orig-file=\"https:\/\/eldiariodesanpedro.com.ar\/sitio\/wp-content\/uploads\/2019\/07\/IMG-20190724-WA0035.jpg\" data-orig-size=\"736,1280\" data-comments-opened=\"1\" data-image-meta=\"{&quot;aperture&quot;:&quot;0&quot;,&quot;credit&quot;:&quot;&quot;,&quot;camera&quot;:&quot;&quot;,&quot;caption&quot;:&quot;&quot;,&quot;created_timestamp&quot;:&quot;0&quot;,&quot;copyright&quot;:&quot;&quot;,&quot;focal_length&quot;:&quot;0&quot;,&quot;iso&quot;:&quot;0&quot;,&quot;shutter_speed&quot;:&quot;0&quot;,&quot;title&quot;:&quot;&quot;,&quot;orientation&quot;:&quot;0&quot;}\" data-image-title=\"IMG-20190724-WA0035\" data-image-description=\"\" data-image-caption=\"\" data-large-file=\"https:\/\/eldiariodesanpedro.com.ar\/sitio\/wp-content\/uploads\/2019\/07\/IMG-20190724-WA0035-589x1024.jpg\" data-src=\"https:\/\/eldiariodesanpedro.com.ar\/sitio\/wp-content\/uploads\/2019\/07\/IMG-20190724-WA0035-589x1024.jpg\" alt=\"\" class=\"wp-image-56839 lazyload\" data-srcset=\"https:\/\/eldiariodesanpedro.com.ar\/sitio\/wp-content\/uploads\/2019\/07\/IMG-20190724-WA0035-589x1024.jpg 589w, https:\/\/eldiariodesanpedro.com.ar\/sitio\/wp-content\/uploads\/2019\/07\/IMG-20190724-WA0035-173x300.jpg 173w, https:\/\/eldiariodesanpedro.com.ar\/sitio\/wp-content\/uploads\/2019\/07\/IMG-20190724-WA0035.jpg 736w\" data-sizes=\"(max-width: 589px) 100vw, 589px\" src=\"data:image\/svg+xml;base64,PHN2ZyB3aWR0aD0iMSIgaGVpZ2h0PSIxIiB4bWxucz0iaHR0cDovL3d3dy53My5vcmcvMjAwMC9zdmciPjwvc3ZnPg==\" style=\"--smush-placeholder-width: 589px; --smush-placeholder-aspect-ratio: 589\/1024;\" \/><\/figure>\n\n\n\n<p>En segundo lugar por calle Hermano Indio entre D\u00e1vila y Alvarado se procedi\u00f3 a la aprehensi\u00f3n de un joven de 27 quien registraba tambi\u00e9n pedido de captura activo en causa 4379 con fecha de alta el 26 de agosto de 2014 bajo la car\u00e1tula robo agravado requerido por el Tribunal  Oral Criminal de Capital Federal.<\/p>\n\n\n\n<p>Ambos alojados en la comisar\u00eda a disposici\u00f3n de la justicia.<\/p>\n\n\n\n<ul class=\"wp-block-gallery columns-1 is-cropped wp-block-gallery-1 is-layout-flex wp-block-gallery-is-layout-flex\"><li class=\"blocks-gallery-item\"><figure><img decoding=\"async\" width=\"566\" height=\"1024\" data-attachment-id=\"56838\" data-permalink=\"https:\/\/eldiariodesanpedro.com.ar\/sitio\/img-20190724-wa0069\/\" data-orig-file=\"https:\/\/eldiariodesanpedro.com.ar\/sitio\/wp-content\/uploads\/2019\/07\/IMG-20190724-WA0069.jpg\" data-orig-size=\"707,1280\" data-comments-opened=\"1\" data-image-meta=\"{&quot;aperture&quot;:&quot;0&quot;,&quot;credit&quot;:&quot;&quot;,&quot;camera&quot;:&quot;&quot;,&quot;caption&quot;:&quot;&quot;,&quot;created_timestamp&quot;:&quot;0&quot;,&quot;copyright&quot;:&quot;&quot;,&quot;focal_length&quot;:&quot;0&quot;,&quot;iso&quot;:&quot;0&quot;,&quot;shutter_speed&quot;:&quot;0&quot;,&quot;title&quot;:&quot;&quot;,&quot;orientation&quot;:&quot;0&quot;}\" data-image-title=\"IMG-20190724-WA0069\" data-image-description=\"\" data-image-caption=\"\" data-large-file=\"https:\/\/eldiariodesanpedro.com.ar\/sitio\/wp-content\/uploads\/2019\/07\/IMG-20190724-WA0069-566x1024.jpg\" data-src=\"https:\/\/eldiariodesanpedro.com.ar\/sitio\/wp-content\/uploads\/2019\/07\/IMG-20190724-WA0069-566x1024.jpg\" alt=\"\" data-id=\"56838\" data-link=\"https:\/\/eldiariodesanpedro.com.ar\/sitio\/img-20190724-wa0069\/\" class=\"wp-image-56838 lazyload\" data-srcset=\"https:\/\/eldiariodesanpedro.com.ar\/sitio\/wp-content\/uploads\/2019\/07\/IMG-20190724-WA0069-566x1024.jpg 566w, https:\/\/eldiariodesanpedro.com.ar\/sitio\/wp-content\/uploads\/2019\/07\/IMG-20190724-WA0069-166x300.jpg 166w, https:\/\/eldiariodesanpedro.com.ar\/sitio\/wp-content\/uploads\/2019\/07\/IMG-20190724-WA0069.jpg 707w\" data-sizes=\"(max-width: 566px) 100vw, 566px\" src=\"data:image\/svg+xml;base64,PHN2ZyB3aWR0aD0iMSIgaGVpZ2h0PSIxIiB4bWxucz0iaHR0cDovL3d3dy53My5vcmcvMjAwMC9zdmciPjwvc3ZnPg==\" style=\"--smush-placeholder-width: 566px; --smush-placeholder-aspect-ratio: 566\/1024;\" \/><\/figure><\/li><\/ul>\n","protected":false},"excerpt":{"rendered":"<p>En el marco de operativos dispuesto por la superioridad personal de Jefatura Departamental San Nicol\u00e1s GAD procedi\u00f3 a la aprehensi\u00f3n de dos sujetos interceptados en la v\u00eda p\u00fablica. Las aprehensiones sucedieron en distintas direcciones durante la tarde del mi\u00e9rcoles. La primera se produjo en intersecci\u00f3n de las calle Liniers y Las Provincias cuando un ciudadano [&hellip;]<\/p>\n","protected":false},"author":4,"featured_media":54417,"comment_status":"open","ping_status":"closed","sticky":false,"template":"","format":"standard","meta":{"om_disable_all_campaigns":false,"_jetpack_memberships_contains_paid_content":false,"footnotes":""},"categories":[2,103],"tags":[],"class_list":["post-56840","post","type-post","status-publish","format-standard","has-post-thumbnail","hentry","category-locales","category-policiales-locales"],"aioseo_notices":[],"gutentor_comment":0,"jetpack_featured_media_url":"https:\/\/eldiariodesanpedro.com.ar\/sitio\/wp-content\/uploads\/2019\/06\/124591.jpg","jetpack_shortlink":"https:\/\/wp.me\/p6RhLt-eMM","jetpack_sharing_enabled":true,"_links":{"self":[{"href":"https:\/\/eldiariodesanpedro.com.ar\/sitio\/wp-json\/wp\/v2\/posts\/56840","targetHints":{"allow":["GET"]}}],"collection":[{"href":"https:\/\/eldiariodesanpedro.com.ar\/sitio\/wp-json\/wp\/v2\/posts"}],"about":[{"href":"https:\/\/eldiariodesanpedro.com.ar\/sitio\/wp-json\/wp\/v2\/types\/post"}],"author":[{"embeddable":true,"href":"https:\/\/eldiariodesanpedro.com.ar\/sitio\/wp-json\/wp\/v2\/users\/4"}],"replies":[{"embeddable":true,"href":"https:\/\/eldiariodesanpedro.com.ar\/sitio\/wp-json\/wp\/v2\/comments?post=56840"}],"version-history":[{"count":1,"href":"https:\/\/eldiariodesanpedro.com.ar\/sitio\/wp-json\/wp\/v2\/posts\/56840\/revisions"}],"predecessor-version":[{"id":56841,"href":"https:\/\/eldiariodesanpedro.com.ar\/sitio\/wp-json\/wp\/v2\/posts\/56840\/revisions\/56841"}],"wp:featuredmedia":[{"embeddable":true,"href":"https:\/\/eldiariodesanpedro.com.ar\/sitio\/wp-json\/wp\/v2\/media\/54417"}],"wp:attachment":[{"href":"https:\/\/eldiariodesanpedro.com.ar\/sitio\/wp-json\/wp\/v2\/media?parent=56840"}],"wp:term":[{"taxonomy":"category","embeddable":true,"href":"https:\/\/eldiariodesanpedro.com.ar\/sitio\/wp-json\/wp\/v2\/categories?post=56840"},{"taxonomy":"post_tag","embeddable":true,"href":"https:\/\/eldiariodesanpedro.com.ar\/sitio\/wp-json\/wp\/v2\/tags?post=56840"}],"curies":[{"name":"wp","href":"https:\/\/api.w.org\/{rel}","templated":true}]}}